{"id":10171,"date":"2023-11-17T10:29:45","date_gmt":"2023-11-17T10:29:45","guid":{"rendered":"https:\/\/fondation-isae-supaero.org\/?p=10171"},"modified":"2023-12-18T11:35:51","modified_gmt":"2023-12-18T11:35:51","slug":"the-foundations-team-is-growing","status":"publish","type":"post","link":"https:\/\/fondation-isae-supaero.org\/en\/the-foundations-team-is-growing\/","title":{"rendered":"the Foundation&#8217;s team is growing !"},"content":{"rendered":"<p>[et_pb_section fb_built=&#8221;1&#8243; custom_padding_last_edited=&#8221;on|phone&#8221; _builder_version=&#8221;4.16&#8243; _module_preset=&#8221;default&#8221; custom_padding=&#8221;6%||6%||true|false&#8221; custom_padding_tablet=&#8221;120px||80px||false|false&#8221; custom_padding_phone=&#8221;120px||50px||false|false&#8221; global_colors_info=&#8221;{}&#8221;][et_pb_row _builder_version=&#8221;4.14.8&#8243; _module_preset=&#8221;default&#8221; global_module=&#8221;2135&#8243; saved_tabs=&#8221;all&#8221; global_colors_info=&#8221;{}&#8221;][et_pb_column type=&#8221;4_4&#8243; _builder_version=&#8221;4.16&#8243; _module_preset=&#8221;default&#8221; global_colors_info=&#8221;{}&#8221;][et_pb_text _builder_version=&#8221;4.16&#8243; _dynamic_attributes=&#8221;link_option_url&#8221; _module_preset=&#8221;default&#8221; text_font=&#8221;|700||on|||||&#8221; text_text_color=&#8221;gcid-cbcef012-862c-4867-889e-8f8aada6e9fa&#8221; text_font_size=&#8221;16px&#8221; custom_margin=&#8221;||21px|||&#8221; link_option_url=&#8221;@ET-DC@eyJkeW5hbWljIjp0cnVlLCJjb250ZW50IjoicG9zdF9saW5rX3VybF9wYWdlIiwic2V0dGluZ3MiOnsicG9zdF9pZCI6IjI5MCJ9fQ==@&#8221; global_colors_info=&#8221;{%22gcid-cbcef012-862c-4867-889e-8f8aada6e9fa%22:%91%22text_text_color%22%93,%22gcid-e7796924-c5e5-4680-bc39-a63ddcdeea33%22:%91%22text_text_color__hover%22%93}&#8221; text_text_color__hover_enabled=&#8221;on|hover&#8221; text_text_color__hover=&#8221;#122372&#8243;]<\/p>\n<p>&lt; back to articles<\/p>\n<p>[\/et_pb_text][et_pb_post_title meta=&#8221;off&#8221; date_format=&#8221;j M Y&#8221; featured_image=&#8221;off&#8221; module_id=&#8221;titre-article&#8221; _builder_version=&#8221;4.16&#8243; _module_preset=&#8221;default&#8221; title_font_size=&#8221;2.8em&#8221; title_line_height=&#8221;0.9em&#8221; meta_font=&#8221;|700|||||||&#8221; meta_text_color=&#8221;gcid-e7796924-c5e5-4680-bc39-a63ddcdeea33&#8243; custom_margin=&#8221;||23px|||&#8221; title_font_size_tablet=&#8221;2.8em&#8221; title_font_size_phone=&#8221;2em&#8221; title_font_size_last_edited=&#8221;on|desktop&#8221; title_line_height_tablet=&#8221;1.1em&#8221; title_line_height_phone=&#8221;1.1em&#8221; title_line_height_last_edited=&#8221;on|tablet&#8221; global_colors_info=&#8221;{%22gcid-e7796924-c5e5-4680-bc39-a63ddcdeea33%22:%91%22meta_text_color%22%93}&#8221;][\/et_pb_post_title][et_pb_text module_class=&#8221;publie&#8221; _builder_version=&#8221;4.16&#8243; _module_preset=&#8221;default&#8221; text_font=&#8221;Tiempos Headline Black|800|||||||&#8221; use_background_color_gradient=&#8221;on&#8221; background_color_gradient_stops=&#8221;#ffffff 53%|gcid-c36b81ad-c14e-402f-b5f5-285214bb9288 53%&#8221; background_color_gradient_start=&#8221;#ffffff&#8221; background_color_gradient_start_position=&#8221;53%&#8221; background_color_gradient_end=&#8221;gcid-c36b81ad-c14e-402f-b5f5-285214bb9288&#8243; background_color_gradient_end_position=&#8221;53%&#8221; module_alignment=&#8221;left&#8221; custom_padding=&#8221;|5px||4px|false|false&#8221; custom_css_main_element=&#8221;display: inline-block;||max-width:max-content;&#8221; global_colors_info=&#8221;{%22gcid-c36b81ad-c14e-402f-b5f5-285214bb9288%22:%91%22colorEnd%22%93}&#8221;]<\/p>\n<p>Published on<\/p>\n<p>[\/et_pb_text][et_pb_post_title title=&#8221;off&#8221; author=&#8221;off&#8221; date_format=&#8221;j M Y&#8221; categories=&#8221;off&#8221; comments=&#8221;off&#8221; featured_image=&#8221;off&#8221; _builder_version=&#8221;4.16&#8243; _module_preset=&#8221;default&#8221; title_font_size=&#8221;2.8em&#8221; title_line_height=&#8221;0.9em&#8221; meta_font=&#8221;Tiempos Headline Black|800|||||||&#8221; meta_text_color=&#8221;gcid-e7796924-c5e5-4680-bc39-a63ddcdeea33&#8243; use_background_color_gradient=&#8221;on&#8221; background_color_gradient_stops=&#8221;#ffffff 53%|gcid-c36b81ad-c14e-402f-b5f5-285214bb9288 53%&#8221; background_color_gradient_start=&#8221;#ffffff&#8221; background_color_gradient_start_position=&#8221;53%&#8221; background_color_gradient_end=&#8221;gcid-c36b81ad-c14e-402f-b5f5-285214bb9288&#8243; background_color_gradient_end_position=&#8221;53%&#8221; custom_padding=&#8221;|5px|||false|false&#8221; title_font_size_tablet=&#8221;2.8em&#8221; title_font_size_phone=&#8221;2em&#8221; title_font_size_last_edited=&#8221;on|desktop&#8221; custom_css_main_element=&#8221;display: inline-block;||max-width:max-content;&#8221; global_colors_info=&#8221;{%22gcid-e7796924-c5e5-4680-bc39-a63ddcdeea33%22:%91%22meta_text_color%22%93,%22gcid-c36b81ad-c14e-402f-b5f5-285214bb9288%22:%91%22colorEnd%22%93}&#8221;][\/et_pb_post_title][\/et_pb_column][\/et_pb_row][et_pb_row column_structure=&#8221;1_2,1_2&#8243; use_custom_gutter=&#8221;on&#8221; gutter_width=&#8221;1&#8243; make_equal=&#8221;on&#8221; _builder_version=&#8221;4.16&#8243; _module_preset=&#8221;default&#8221; custom_css_main_element=&#8221;align-items:center;&#8221; global_colors_info=&#8221;{}&#8221;][et_pb_column type=&#8221;1_2&#8243; _builder_version=&#8221;4.16&#8243; _module_preset=&#8221;default&#8221; custom_padding=&#8221;|8%|||false|false&#8221; custom_padding_tablet=&#8221;|0%|||false|false&#8221; custom_padding_phone=&#8221;|0%|||false|false&#8221; custom_padding_last_edited=&#8221;on|tablet&#8221; global_colors_info=&#8221;{}&#8221;][et_pb_text _builder_version=&#8221;4.21.0&#8243; _module_preset=&#8221;default&#8221; max_width_tablet=&#8221;100%&#8221; max_width_phone=&#8221;100%&#8221; max_width_last_edited=&#8221;on|tablet&#8221; module_alignment=&#8221;left&#8221; custom_margin=&#8221;||32px|||&#8221; global_colors_info=&#8221;{}&#8221;]<\/p>\n<p>Over the last few months, the Foundation&#8217;s outlines have changed a little and the team has grown!<\/p>\n<p>Welcome to Julie, Ilyesse and Ma\u00e9va!<\/p>\n<p>[\/et_pb_text][\/et_pb_column][et_pb_column type=&#8221;1_2&#8243; _builder_version=&#8221;4.16&#8243; _module_preset=&#8221;default&#8221; global_colors_info=&#8221;{}&#8221;][et_pb_image src=&#8221;https:\/\/fondation-isae-supaero.org\/wp-content\/uploads\/2023\/11\/HEADER_Bienvenue.webp&#8221; align=&#8221;right&#8221; force_fullwidth=&#8221;on&#8221; align_tablet=&#8221;left&#8221; align_phone=&#8221;left&#8221; align_last_edited=&#8221;on|tablet&#8221; module_class=&#8221;left-t&#8221; _builder_version=&#8221;4.21.0&#8243; _module_preset=&#8221;default&#8221; background_enable_image=&#8221;off&#8221; background_size=&#8221;initial&#8221; background_position=&#8221;top_left&#8221; z_index=&#8221;0&#8243; custom_margin=&#8221;||||false|false&#8221; custom_margin_tablet=&#8221;20px||||false|false&#8221; custom_margin_phone=&#8221;20px||||false|false&#8221; custom_margin_last_edited=&#8221;on|tablet&#8221; global_colors_info=&#8221;{}&#8221;][\/et_pb_image][\/et_pb_column][\/et_pb_row][\/et_pb_section][et_pb_section fb_built=&#8221;1&#8243; custom_padding_last_edited=&#8221;on|tablet&#8221; _builder_version=&#8221;4.16&#8243; _module_preset=&#8221;default&#8221; background_enable_color=&#8221;on&#8221; background_image=&#8221;http:\/\/fondation-isae-supaero.org\/wp-content\/uploads\/2022\/03\/pointilles.svg&#8221; background_size=&#8221;initial&#8221; background_repeat=&#8221;repeat-y&#8221; min_height=&#8221;1552.2px&#8221; custom_padding=&#8221;100px||100px||true|false&#8221; custom_padding_tablet=&#8221;80px||80px||true|false&#8221; custom_padding_phone=&#8221;80px||80px||true|false&#8221; global_colors_info=&#8221;{%22gcid-c36b81ad-c14e-402f-b5f5-285214bb9288%22:%91%22background_color%22%93}&#8221;][et_pb_row _builder_version=&#8221;4.16&#8243; _module_preset=&#8221;default&#8221; global_colors_info=&#8221;{}&#8221;][et_pb_column type=&#8221;4_4&#8243; _builder_version=&#8221;4.16&#8243; _module_preset=&#8221;default&#8221; global_colors_info=&#8221;{}&#8221;][et_pb_text _builder_version=&#8221;4.21.0&#8243; _module_preset=&#8221;a31fb28a-5b8a-4aa6-8c5c-dd6c124d89a6&#8243; custom_margin=&#8221;||29px|||&#8221; global_colors_info=&#8221;{}&#8221;]<\/p>\n<h2>Welcome!  <\/h2>\n<p>[\/et_pb_text][\/et_pb_column][\/et_pb_row][et_pb_row _builder_version=&#8221;4.21.0&#8243; _module_preset=&#8221;default&#8221; global_colors_info=&#8221;{}&#8221;][et_pb_column type=&#8221;4_4&#8243; _builder_version=&#8221;4.21.0&#8243; _module_preset=&#8221;default&#8221; global_colors_info=&#8221;{}&#8221;][et_pb_text _builder_version=&#8221;4.21.0&#8243; _module_preset=&#8221;default&#8221; global_colors_info=&#8221;{}&#8221;]<\/p>\n<h3>The OSE team welcomed two new members:<\/h3>\n<p>[\/et_pb_text][\/et_pb_column][\/et_pb_row][et_pb_row column_structure=&#8221;1_2,1_2&#8243; _builder_version=&#8221;4.16&#8243; _module_preset=&#8221;default&#8221; global_colors_info=&#8221;{}&#8221;][et_pb_column type=&#8221;1_2&#8243; _builder_version=&#8221;4.16&#8243; _module_preset=&#8221;default&#8221; global_colors_info=&#8221;{}&#8221;][et_pb_text _builder_version=&#8221;4.21.0&#8243; _module_preset=&#8221;default&#8221; hover_enabled=&#8221;0&#8243; global_colors_info=&#8221;{}&#8221; sticky_enabled=&#8221;0&#8243;]<\/p>\n<p>Julie Devaux, in charge of OSE inG\u00c9 and OSE at ISAE-SUPERO. As part of the team, she is responsible for managing and coordinating the community of alumni and student volunteers involved, as well as managing the equal opportunities program in preparatory classes, and projects relating to gender equality and orality.<\/p>\n<blockquote>\n<p><em>After graduating from ISAE-SUPAERO in 2020, I joined the team as project manager for the OSE inG\u00c9 program and the Cord\u00e9e de la r\u00e9ussite after 3 years in the industrial world!<\/em><br \/><em>I love painting, singing and baking!  <\/em><\/p>\n<\/blockquote>\n<p>[\/et_pb_text][\/et_pb_column][et_pb_column type=&#8221;1_2&#8243; _builder_version=&#8221;4.16&#8243; _module_preset=&#8221;default&#8221; global_colors_info=&#8221;{}&#8221;][et_pb_text _builder_version=&#8221;4.21.0&#8243; _module_preset=&#8221;default&#8221; global_colors_info=&#8221;{}&#8221;]<\/p>\n<p>Ilyesse Lakhal, administrative assistant for the ISAE-SUPAERO OSE program. Ilyesse is in charge of managing the 9th grade internships and the various agreements with schools (partnership agreement and financial appendix) as part of the program.<\/p>\n<blockquote>\n<p><em>With a degree in communications and marketing from ESG Lab\u00e8ge, I join the team as Administrative Assistant.<\/em><\/p>\n<p><em>I love basketball, soccer and movies!<\/em><\/p>\n<\/blockquote>\n<p>[\/et_pb_text][\/et_pb_column][\/et_pb_row][et_pb_row column_structure=&#8221;1_2,1_2&#8243; _builder_version=&#8221;4.21.0&#8243; _module_preset=&#8221;default&#8221; custom_padding=&#8221;0px||31px||false|false&#8221; global_colors_info=&#8221;{}&#8221;][et_pb_column type=&#8221;1_2&#8243; _builder_version=&#8221;4.21.0&#8243; _module_preset=&#8221;default&#8221; global_colors_info=&#8221;{}&#8221;][et_pb_image src=&#8221;https:\/\/fondation-isae-supaero.org\/wp-content\/uploads\/2023\/11\/Image_Actu_1.webp&#8221; align=&#8221;center&#8221; _builder_version=&#8221;4.21.0&#8243; _module_preset=&#8221;default&#8221; global_colors_info=&#8221;{}&#8221;][\/et_pb_image][\/et_pb_column][et_pb_column type=&#8221;1_2&#8243; _builder_version=&#8221;4.21.0&#8243; _module_preset=&#8221;default&#8221; global_colors_info=&#8221;{}&#8221;][et_pb_image src=&#8221;https:\/\/fondation-isae-supaero.org\/wp-content\/uploads\/2023\/11\/Image_Actu_2.webp&#8221; align=&#8221;center&#8221; _builder_version=&#8221;4.21.0&#8243; _module_preset=&#8221;default&#8221; min_height=&#8221;383px&#8221; global_colors_info=&#8221;{}&#8221;][\/et_pb_image][\/et_pb_column][\/et_pb_row][et_pb_row _builder_version=&#8221;4.21.0&#8243; _module_preset=&#8221;default&#8221; global_colors_info=&#8221;{}&#8221;][et_pb_column type=&#8221;4_4&#8243; _builder_version=&#8221;4.21.0&#8243; _module_preset=&#8221;default&#8221; global_colors_info=&#8221;{}&#8221;][et_pb_text _builder_version=&#8221;4.21.0&#8243; _module_preset=&#8221;default&#8221; min_height=&#8221;42px&#8221; global_colors_info=&#8221;{}&#8221;]<\/p>\n<h3>The development office also has a new team member:<\/h3>\n<p>[\/et_pb_text][\/et_pb_column][\/et_pb_row][et_pb_row column_structure=&#8221;1_2,1_2&#8243; _builder_version=&#8221;4.16&#8243; _module_preset=&#8221;default&#8221; global_colors_info=&#8221;{}&#8221;][et_pb_column type=&#8221;1_2&#8243; _builder_version=&#8221;4.16&#8243; _module_preset=&#8221;default&#8221; global_colors_info=&#8221;{}&#8221;][et_pb_text _builder_version=&#8221;4.21.0&#8243; _module_preset=&#8221;default&#8221; global_colors_info=&#8221;{}&#8221;]<\/p>\n<p>Ma\u00e9va Arpon, Communications Officer. As part of the Foundation&#8217;s development office, her role is to help define the strategy for developing donations and highlighting the Foundation&#8217;s actions, beneficiaries and patrons through online and offline communications.<\/p>\n<blockquote>\n<p><em>Specializing in editorial coordination and digital communications, I&#8217;m joining the team as Communications Manager!<\/em><\/p>\n<p><em>As well as being a creative arts enthusiast, I&#8217;m also the queen at baking cookies!<\/em><\/p>\n<\/blockquote>\n<p>[\/et_pb_text][\/et_pb_column][et_pb_column type=&#8221;1_2&#8243; _builder_version=&#8221;4.16&#8243; _module_preset=&#8221;default&#8221; global_colors_info=&#8221;{}&#8221;][et_pb_image src=&#8221;https:\/\/fondation-isae-supaero.org\/wp-content\/uploads\/2023\/11\/Image_Actu_4.webp&#8221; align=&#8221;center&#8221; _builder_version=&#8221;4.21.0&#8243; _module_preset=&#8221;default&#8221; global_colors_info=&#8221;{}&#8221;][\/et_pb_image][\/et_pb_column][\/et_pb_row][\/et_pb_section]<\/p>\n","protected":false},"excerpt":{"rendered":"<p>Over the last few months, the Foundation&#8217;s outlines have changed a little and the team has grown!<\/p>\n<p>Welcome to Julie, Ilyesse and Ma\u00e9va!<\/p>\n","protected":false},"author":3,"featured_media":10649,"comment_status":"open","ping_status":"open","sticky":false,"template":"","format":"standard","meta":{"_acf_changed":false,"_et_pb_use_builder":"on","_et_pb_old_content":"","_et_gb_content_width":"","footnotes":""},"categories":[66],"tags":[],"class_list":["post-10171","post","type-post","status-publish","format-standard","has-post-thumbnail","hentry","category-news"],"acf":[],"yoast_head":"<!-- This site is optimized with the Yoast SEO plugin v26.6 - https:\/\/yoast.com\/wordpress\/plugins\/seo\/ -->\n<title>the Foundation&#039;s team is growing ! - Fondation ISAE-SUPAERO<\/title>\n<meta name=\"robots\" content=\"index, follow, max-snippet:-1, max-image-preview:large, max-video-preview:-1\" \/>\n<link rel=\"canonical\" href=\"https:\/\/fondation-isae-supaero.org\/en\/the-foundations-team-is-growing\/\" \/>\n<meta property=\"og:locale\" content=\"en_US\" \/>\n<meta property=\"og:type\" content=\"article\" \/>\n<meta property=\"og:title\" content=\"the Foundation&#039;s team is growing ! - Fondation ISAE-SUPAERO\" \/>\n<meta property=\"og:description\" content=\"Over the last few months, the Foundation&#039;s outlines have changed a little and the team has grown! Welcome to Julie, Ilyesse and Ma\u00e9va!\" \/>\n<meta property=\"og:url\" content=\"https:\/\/fondation-isae-supaero.org\/en\/the-foundations-team-is-growing\/\" \/>\n<meta property=\"og:site_name\" content=\"Fondation ISAE-SUPAERO\" \/>\n<meta property=\"article:published_time\" content=\"2023-11-17T10:29:45+00:00\" \/>\n<meta property=\"article:modified_time\" content=\"2023-12-18T11:35:51+00:00\" \/>\n<meta property=\"og:image\" content=\"https:\/\/fondation-isae-supaero.org\/wp-content\/uploads\/2023\/11\/VIGNETTES_Bienvenue-1.webp\" \/>\n\t<meta property=\"og:image:width\" content=\"400\" \/>\n\t<meta property=\"og:image:height\" content=\"274\" \/>\n\t<meta property=\"og:image:type\" content=\"image\/webp\" \/>\n<meta name=\"author\" content=\"K\u00e9vin FISAE\" \/>\n<meta name=\"twitter:card\" content=\"summary_large_image\" \/>\n<meta name=\"twitter:label1\" content=\"Written by\" \/>\n\t<meta name=\"twitter:data1\" content=\"K\u00e9vin FISAE\" \/>\n\t<meta name=\"twitter:label2\" content=\"Est. reading time\" \/>\n\t<meta name=\"twitter:data2\" content=\"3 minutes\" \/>\n<script type=\"application\/ld+json\" class=\"yoast-schema-graph\">{\"@context\":\"https:\/\/schema.org\",\"@graph\":[{\"@type\":\"Article\",\"@id\":\"https:\/\/fondation-isae-supaero.org\/en\/the-foundations-team-is-growing\/#article\",\"isPartOf\":{\"@id\":\"https:\/\/fondation-isae-supaero.org\/en\/the-foundations-team-is-growing\/\"},\"author\":{\"name\":\"K\u00e9vin FISAE\",\"@id\":\"https:\/\/fondation-isae-supaero.org\/en\/#\/schema\/person\/659e41a58ae9f2aeeec7f28007a11310\"},\"headline\":\"the Foundation&#8217;s team is growing !\",\"datePublished\":\"2023-11-17T10:29:45+00:00\",\"dateModified\":\"2023-12-18T11:35:51+00:00\",\"mainEntityOfPage\":{\"@id\":\"https:\/\/fondation-isae-supaero.org\/en\/the-foundations-team-is-growing\/\"},\"wordCount\":1456,\"commentCount\":0,\"publisher\":{\"@id\":\"https:\/\/fondation-isae-supaero.org\/en\/#organization\"},\"image\":{\"@id\":\"https:\/\/fondation-isae-supaero.org\/en\/the-foundations-team-is-growing\/#primaryimage\"},\"thumbnailUrl\":\"https:\/\/fondation-isae-supaero.org\/wp-content\/uploads\/2023\/11\/VIGNETTES_Bienvenue-1.webp\",\"articleSection\":[\"News\"],\"inLanguage\":\"en-US\",\"potentialAction\":[{\"@type\":\"CommentAction\",\"name\":\"Comment\",\"target\":[\"https:\/\/fondation-isae-supaero.org\/en\/the-foundations-team-is-growing\/#respond\"]}]},{\"@type\":\"WebPage\",\"@id\":\"https:\/\/fondation-isae-supaero.org\/en\/the-foundations-team-is-growing\/\",\"url\":\"https:\/\/fondation-isae-supaero.org\/en\/the-foundations-team-is-growing\/\",\"name\":\"the Foundation's team is growing ! - Fondation ISAE-SUPAERO\",\"isPartOf\":{\"@id\":\"https:\/\/fondation-isae-supaero.org\/en\/#website\"},\"primaryImageOfPage\":{\"@id\":\"https:\/\/fondation-isae-supaero.org\/en\/the-foundations-team-is-growing\/#primaryimage\"},\"image\":{\"@id\":\"https:\/\/fondation-isae-supaero.org\/en\/the-foundations-team-is-growing\/#primaryimage\"},\"thumbnailUrl\":\"https:\/\/fondation-isae-supaero.org\/wp-content\/uploads\/2023\/11\/VIGNETTES_Bienvenue-1.webp\",\"datePublished\":\"2023-11-17T10:29:45+00:00\",\"dateModified\":\"2023-12-18T11:35:51+00:00\",\"breadcrumb\":{\"@id\":\"https:\/\/fondation-isae-supaero.org\/en\/the-foundations-team-is-growing\/#breadcrumb\"},\"inLanguage\":\"en-US\",\"potentialAction\":[{\"@type\":\"ReadAction\",\"target\":[\"https:\/\/fondation-isae-supaero.org\/en\/the-foundations-team-is-growing\/\"]}]},{\"@type\":\"ImageObject\",\"inLanguage\":\"en-US\",\"@id\":\"https:\/\/fondation-isae-supaero.org\/en\/the-foundations-team-is-growing\/#primaryimage\",\"url\":\"https:\/\/fondation-isae-supaero.org\/wp-content\/uploads\/2023\/11\/VIGNETTES_Bienvenue-1.webp\",\"contentUrl\":\"https:\/\/fondation-isae-supaero.org\/wp-content\/uploads\/2023\/11\/VIGNETTES_Bienvenue-1.webp\",\"width\":400,\"height\":274},{\"@type\":\"BreadcrumbList\",\"@id\":\"https:\/\/fondation-isae-supaero.org\/en\/the-foundations-team-is-growing\/#breadcrumb\",\"itemListElement\":[{\"@type\":\"ListItem\",\"position\":1,\"name\":\"Accueil\",\"item\":\"https:\/\/fondation-isae-supaero.org\/en\/\"},{\"@type\":\"ListItem\",\"position\":2,\"name\":\"the Foundation&#8217;s team is growing !\"}]},{\"@type\":\"WebSite\",\"@id\":\"https:\/\/fondation-isae-supaero.org\/en\/#website\",\"url\":\"https:\/\/fondation-isae-supaero.org\/en\/\",\"name\":\"Fondation ISAE-SUPAERO\",\"description\":\"Pour le soutien de la recherche et l&#039;enseignement sup\u00e9rieur \u00e0 l&#039;Institut Sup\u00e9rieur de l&#039;A\u00e9ronautique et de l&#039;Espace\",\"publisher\":{\"@id\":\"https:\/\/fondation-isae-supaero.org\/en\/#organization\"},\"potentialAction\":[{\"@type\":\"SearchAction\",\"target\":{\"@type\":\"EntryPoint\",\"urlTemplate\":\"https:\/\/fondation-isae-supaero.org\/en\/?s={search_term_string}\"},\"query-input\":{\"@type\":\"PropertyValueSpecification\",\"valueRequired\":true,\"valueName\":\"search_term_string\"}}],\"inLanguage\":\"en-US\"},{\"@type\":\"Organization\",\"@id\":\"https:\/\/fondation-isae-supaero.org\/en\/#organization\",\"name\":\"Fondation ISAE Supaero\",\"url\":\"https:\/\/fondation-isae-supaero.org\/en\/\",\"logo\":{\"@type\":\"ImageObject\",\"inLanguage\":\"en-US\",\"@id\":\"https:\/\/fondation-isae-supaero.org\/en\/#\/schema\/logo\/image\/\",\"url\":\"https:\/\/fondation-isae-supaero.org\/wp-content\/uploads\/2022\/04\/logo-fondation-ras-293px.svg\",\"contentUrl\":\"https:\/\/fondation-isae-supaero.org\/wp-content\/uploads\/2022\/04\/logo-fondation-ras-293px.svg\",\"width\":294,\"height\":93,\"caption\":\"Fondation ISAE Supaero\"},\"image\":{\"@id\":\"https:\/\/fondation-isae-supaero.org\/en\/#\/schema\/logo\/image\/\"}},{\"@type\":\"Person\",\"@id\":\"https:\/\/fondation-isae-supaero.org\/en\/#\/schema\/person\/659e41a58ae9f2aeeec7f28007a11310\",\"name\":\"K\u00e9vin FISAE\",\"image\":{\"@type\":\"ImageObject\",\"inLanguage\":\"en-US\",\"@id\":\"https:\/\/fondation-isae-supaero.org\/en\/#\/schema\/person\/image\/\",\"url\":\"https:\/\/secure.gravatar.com\/avatar\/e08769f733c2e144f4da78774a89fc331bd8e0a185b7f043e8f300c58328bcf2?s=96&d=mm&r=g\",\"contentUrl\":\"https:\/\/secure.gravatar.com\/avatar\/e08769f733c2e144f4da78774a89fc331bd8e0a185b7f043e8f300c58328bcf2?s=96&d=mm&r=g\",\"caption\":\"K\u00e9vin FISAE\"},\"sameAs\":[\"http:\/\/Supis\"]}]}<\/script>\n<!-- \/ Yoast SEO plugin. -->","yoast_head_json":{"title":"the Foundation's team is growing ! - Fondation ISAE-SUPAERO","robots":{"index":"index","follow":"follow","max-snippet":"max-snippet:-1","max-image-preview":"max-image-preview:large","max-video-preview":"max-video-preview:-1"},"canonical":"https:\/\/fondation-isae-supaero.org\/en\/the-foundations-team-is-growing\/","og_locale":"en_US","og_type":"article","og_title":"the Foundation's team is growing ! - Fondation ISAE-SUPAERO","og_description":"Over the last few months, the Foundation's outlines have changed a little and the team has grown! Welcome to Julie, Ilyesse and Ma\u00e9va!","og_url":"https:\/\/fondation-isae-supaero.org\/en\/the-foundations-team-is-growing\/","og_site_name":"Fondation ISAE-SUPAERO","article_published_time":"2023-11-17T10:29:45+00:00","article_modified_time":"2023-12-18T11:35:51+00:00","og_image":[{"width":400,"height":274,"url":"https:\/\/fondation-isae-supaero.org\/wp-content\/uploads\/2023\/11\/VIGNETTES_Bienvenue-1.webp","type":"image\/webp"}],"author":"K\u00e9vin FISAE","twitter_card":"summary_large_image","twitter_misc":{"Written by":"K\u00e9vin FISAE","Est. reading time":"3 minutes"},"schema":{"@context":"https:\/\/schema.org","@graph":[{"@type":"Article","@id":"https:\/\/fondation-isae-supaero.org\/en\/the-foundations-team-is-growing\/#article","isPartOf":{"@id":"https:\/\/fondation-isae-supaero.org\/en\/the-foundations-team-is-growing\/"},"author":{"name":"K\u00e9vin FISAE","@id":"https:\/\/fondation-isae-supaero.org\/en\/#\/schema\/person\/659e41a58ae9f2aeeec7f28007a11310"},"headline":"the Foundation&#8217;s team is growing !","datePublished":"2023-11-17T10:29:45+00:00","dateModified":"2023-12-18T11:35:51+00:00","mainEntityOfPage":{"@id":"https:\/\/fondation-isae-supaero.org\/en\/the-foundations-team-is-growing\/"},"wordCount":1456,"commentCount":0,"publisher":{"@id":"https:\/\/fondation-isae-supaero.org\/en\/#organization"},"image":{"@id":"https:\/\/fondation-isae-supaero.org\/en\/the-foundations-team-is-growing\/#primaryimage"},"thumbnailUrl":"https:\/\/fondation-isae-supaero.org\/wp-content\/uploads\/2023\/11\/VIGNETTES_Bienvenue-1.webp","articleSection":["News"],"inLanguage":"en-US","potentialAction":[{"@type":"CommentAction","name":"Comment","target":["https:\/\/fondation-isae-supaero.org\/en\/the-foundations-team-is-growing\/#respond"]}]},{"@type":"WebPage","@id":"https:\/\/fondation-isae-supaero.org\/en\/the-foundations-team-is-growing\/","url":"https:\/\/fondation-isae-supaero.org\/en\/the-foundations-team-is-growing\/","name":"the Foundation's team is growing ! - Fondation ISAE-SUPAERO","isPartOf":{"@id":"https:\/\/fondation-isae-supaero.org\/en\/#website"},"primaryImageOfPage":{"@id":"https:\/\/fondation-isae-supaero.org\/en\/the-foundations-team-is-growing\/#primaryimage"},"image":{"@id":"https:\/\/fondation-isae-supaero.org\/en\/the-foundations-team-is-growing\/#primaryimage"},"thumbnailUrl":"https:\/\/fondation-isae-supaero.org\/wp-content\/uploads\/2023\/11\/VIGNETTES_Bienvenue-1.webp","datePublished":"2023-11-17T10:29:45+00:00","dateModified":"2023-12-18T11:35:51+00:00","breadcrumb":{"@id":"https:\/\/fondation-isae-supaero.org\/en\/the-foundations-team-is-growing\/#breadcrumb"},"inLanguage":"en-US","potentialAction":[{"@type":"ReadAction","target":["https:\/\/fondation-isae-supaero.org\/en\/the-foundations-team-is-growing\/"]}]},{"@type":"ImageObject","inLanguage":"en-US","@id":"https:\/\/fondation-isae-supaero.org\/en\/the-foundations-team-is-growing\/#primaryimage","url":"https:\/\/fondation-isae-supaero.org\/wp-content\/uploads\/2023\/11\/VIGNETTES_Bienvenue-1.webp","contentUrl":"https:\/\/fondation-isae-supaero.org\/wp-content\/uploads\/2023\/11\/VIGNETTES_Bienvenue-1.webp","width":400,"height":274},{"@type":"BreadcrumbList","@id":"https:\/\/fondation-isae-supaero.org\/en\/the-foundations-team-is-growing\/#breadcrumb","itemListElement":[{"@type":"ListItem","position":1,"name":"Accueil","item":"https:\/\/fondation-isae-supaero.org\/en\/"},{"@type":"ListItem","position":2,"name":"the Foundation&#8217;s team is growing !"}]},{"@type":"WebSite","@id":"https:\/\/fondation-isae-supaero.org\/en\/#website","url":"https:\/\/fondation-isae-supaero.org\/en\/","name":"Fondation ISAE-SUPAERO","description":"Pour le soutien de la recherche et l&#039;enseignement sup\u00e9rieur \u00e0 l&#039;Institut Sup\u00e9rieur de l&#039;A\u00e9ronautique et de l&#039;Espace","publisher":{"@id":"https:\/\/fondation-isae-supaero.org\/en\/#organization"},"potentialAction":[{"@type":"SearchAction","target":{"@type":"EntryPoint","urlTemplate":"https:\/\/fondation-isae-supaero.org\/en\/?s={search_term_string}"},"query-input":{"@type":"PropertyValueSpecification","valueRequired":true,"valueName":"search_term_string"}}],"inLanguage":"en-US"},{"@type":"Organization","@id":"https:\/\/fondation-isae-supaero.org\/en\/#organization","name":"Fondation ISAE Supaero","url":"https:\/\/fondation-isae-supaero.org\/en\/","logo":{"@type":"ImageObject","inLanguage":"en-US","@id":"https:\/\/fondation-isae-supaero.org\/en\/#\/schema\/logo\/image\/","url":"https:\/\/fondation-isae-supaero.org\/wp-content\/uploads\/2022\/04\/logo-fondation-ras-293px.svg","contentUrl":"https:\/\/fondation-isae-supaero.org\/wp-content\/uploads\/2022\/04\/logo-fondation-ras-293px.svg","width":294,"height":93,"caption":"Fondation ISAE Supaero"},"image":{"@id":"https:\/\/fondation-isae-supaero.org\/en\/#\/schema\/logo\/image\/"}},{"@type":"Person","@id":"https:\/\/fondation-isae-supaero.org\/en\/#\/schema\/person\/659e41a58ae9f2aeeec7f28007a11310","name":"K\u00e9vin FISAE","image":{"@type":"ImageObject","inLanguage":"en-US","@id":"https:\/\/fondation-isae-supaero.org\/en\/#\/schema\/person\/image\/","url":"https:\/\/secure.gravatar.com\/avatar\/e08769f733c2e144f4da78774a89fc331bd8e0a185b7f043e8f300c58328bcf2?s=96&d=mm&r=g","contentUrl":"https:\/\/secure.gravatar.com\/avatar\/e08769f733c2e144f4da78774a89fc331bd8e0a185b7f043e8f300c58328bcf2?s=96&d=mm&r=g","caption":"K\u00e9vin FISAE"},"sameAs":["http:\/\/Supis"]}]}},"_links":{"self":[{"href":"https:\/\/fondation-isae-supaero.org\/en\/wp-json\/wp\/v2\/posts\/10171","targetHints":{"allow":["GET"]}}],"collection":[{"href":"https:\/\/fondation-isae-supaero.org\/en\/wp-json\/wp\/v2\/posts"}],"about":[{"href":"https:\/\/fondation-isae-supaero.org\/en\/wp-json\/wp\/v2\/types\/post"}],"author":[{"embeddable":true,"href":"https:\/\/fondation-isae-supaero.org\/en\/wp-json\/wp\/v2\/users\/3"}],"replies":[{"embeddable":true,"href":"https:\/\/fondation-isae-supaero.org\/en\/wp-json\/wp\/v2\/comments?post=10171"}],"version-history":[{"count":10,"href":"https:\/\/fondation-isae-supaero.org\/en\/wp-json\/wp\/v2\/posts\/10171\/revisions"}],"predecessor-version":[{"id":10651,"href":"https:\/\/fondation-isae-supaero.org\/en\/wp-json\/wp\/v2\/posts\/10171\/revisions\/10651"}],"wp:featuredmedia":[{"embeddable":true,"href":"https:\/\/fondation-isae-supaero.org\/en\/wp-json\/wp\/v2\/media\/10649"}],"wp:attachment":[{"href":"https:\/\/fondation-isae-supaero.org\/en\/wp-json\/wp\/v2\/media?parent=10171"}],"wp:term":[{"taxonomy":"category","embeddable":true,"href":"https:\/\/fondation-isae-supaero.org\/en\/wp-json\/wp\/v2\/categories?post=10171"},{"taxonomy":"post_tag","embeddable":true,"href":"https:\/\/fondation-isae-supaero.org\/en\/wp-json\/wp\/v2\/tags?post=10171"}],"curies":[{"name":"wp","href":"https:\/\/api.w.org\/{rel}","templated":true}]}}