{"id":10322,"date":"2023-12-01T09:05:59","date_gmt":"2023-12-01T09:05:59","guid":{"rendered":"https:\/\/fondation-isae-supaero.org\/?p=10322"},"modified":"2023-12-01T09:22:13","modified_gmt":"2023-12-01T09:22:13","slug":"6-month-internship-at-concordia-university-in-montreal-for-miriam","status":"publish","type":"post","link":"https:\/\/fondation-isae-supaero.org\/en\/6-month-internship-at-concordia-university-in-montreal-for-miriam\/","title":{"rendered":"6-month internship at Concordia University in Montreal for Miriam"},"content":{"rendered":"<p>[et_pb_section fb_built=&#8221;1&#8243; custom_padding_last_edited=&#8221;on|phone&#8221; _builder_version=&#8221;4.16&#8243; _module_preset=&#8221;default&#8221; custom_padding=&#8221;6%||6%||true|false&#8221; custom_padding_tablet=&#8221;120px||80px||false|false&#8221; custom_padding_phone=&#8221;120px||50px||false|false&#8221; global_colors_info=&#8221;{}&#8221;][et_pb_row _builder_version=&#8221;4.14.8&#8243; _module_preset=&#8221;default&#8221; global_module=&#8221;2135&#8243; saved_tabs=&#8221;all&#8221; global_colors_info=&#8221;{}&#8221;][et_pb_column type=&#8221;4_4&#8243; _builder_version=&#8221;4.16&#8243; _module_preset=&#8221;default&#8221; global_colors_info=&#8221;{}&#8221;][et_pb_text _builder_version=&#8221;4.16&#8243; _dynamic_attributes=&#8221;link_option_url&#8221; _module_preset=&#8221;default&#8221; text_font=&#8221;|700||on|||||&#8221; text_text_color=&#8221;gcid-cbcef012-862c-4867-889e-8f8aada6e9fa&#8221; text_font_size=&#8221;16px&#8221; custom_margin=&#8221;||21px|||&#8221; link_option_url=&#8221;@ET-DC@eyJkeW5hbWljIjp0cnVlLCJjb250ZW50IjoicG9zdF9saW5rX3VybF9wYWdlIiwic2V0dGluZ3MiOnsicG9zdF9pZCI6IjI5MCJ9fQ==@&#8221; global_colors_info=&#8221;{%22gcid-cbcef012-862c-4867-889e-8f8aada6e9fa%22:%91%22text_text_color%22%93,%22gcid-e7796924-c5e5-4680-bc39-a63ddcdeea33%22:%91%22text_text_color__hover%22%93}&#8221; text_text_color__hover_enabled=&#8221;on|hover&#8221; text_text_color__hover=&#8221;#122372&#8243;]<\/p>\n<p>&lt; back to articles<\/p>\n<p>[\/et_pb_text][et_pb_post_title meta=&#8221;off&#8221; date_format=&#8221;j M Y&#8221; featured_image=&#8221;off&#8221; module_id=&#8221;titre-article&#8221; _builder_version=&#8221;4.16&#8243; _module_preset=&#8221;default&#8221; title_font_size=&#8221;2.8em&#8221; title_line_height=&#8221;0.9em&#8221; meta_font=&#8221;|700|||||||&#8221; meta_text_color=&#8221;gcid-e7796924-c5e5-4680-bc39-a63ddcdeea33&#8243; custom_margin=&#8221;||23px|||&#8221; title_font_size_tablet=&#8221;2.8em&#8221; title_font_size_phone=&#8221;2em&#8221; title_font_size_last_edited=&#8221;on|desktop&#8221; title_line_height_tablet=&#8221;1.1em&#8221; title_line_height_phone=&#8221;1.1em&#8221; title_line_height_last_edited=&#8221;on|tablet&#8221; global_colors_info=&#8221;{%22gcid-e7796924-c5e5-4680-bc39-a63ddcdeea33%22:%91%22meta_text_color%22%93}&#8221;][\/et_pb_post_title][et_pb_text module_class=&#8221;publie&#8221; _builder_version=&#8221;4.16&#8243; _module_preset=&#8221;default&#8221; text_font=&#8221;Tiempos Headline Black|800|||||||&#8221; use_background_color_gradient=&#8221;on&#8221; background_color_gradient_stops=&#8221;#ffffff 53%|gcid-c36b81ad-c14e-402f-b5f5-285214bb9288 53%&#8221; background_color_gradient_start=&#8221;#ffffff&#8221; background_color_gradient_start_position=&#8221;53%&#8221; background_color_gradient_end=&#8221;gcid-c36b81ad-c14e-402f-b5f5-285214bb9288&#8243; background_color_gradient_end_position=&#8221;53%&#8221; module_alignment=&#8221;left&#8221; custom_padding=&#8221;|5px||4px|false|false&#8221; custom_css_main_element=&#8221;display: inline-block;||max-width:max-content;&#8221; global_colors_info=&#8221;{%22gcid-c36b81ad-c14e-402f-b5f5-285214bb9288%22:%91%22colorEnd%22%93}&#8221;]<\/p>\n<p>Published on<\/p>\n<p>[\/et_pb_text][et_pb_post_title title=&#8221;off&#8221; author=&#8221;off&#8221; date_format=&#8221;j M Y&#8221; categories=&#8221;off&#8221; comments=&#8221;off&#8221; featured_image=&#8221;off&#8221; _builder_version=&#8221;4.16&#8243; _module_preset=&#8221;default&#8221; title_font_size=&#8221;2.8em&#8221; title_line_height=&#8221;0.9em&#8221; meta_font=&#8221;Tiempos Headline Black|800|||||||&#8221; meta_text_color=&#8221;gcid-e7796924-c5e5-4680-bc39-a63ddcdeea33&#8243; use_background_color_gradient=&#8221;on&#8221; background_color_gradient_stops=&#8221;#ffffff 53%|gcid-c36b81ad-c14e-402f-b5f5-285214bb9288 53%&#8221; background_color_gradient_start=&#8221;#ffffff&#8221; background_color_gradient_start_position=&#8221;53%&#8221; background_color_gradient_end=&#8221;gcid-c36b81ad-c14e-402f-b5f5-285214bb9288&#8243; background_color_gradient_end_position=&#8221;53%&#8221; custom_padding=&#8221;|5px|||false|false&#8221; title_font_size_tablet=&#8221;2.8em&#8221; title_font_size_phone=&#8221;2em&#8221; title_font_size_last_edited=&#8221;on|desktop&#8221; custom_css_main_element=&#8221;display: inline-block;||max-width:max-content;&#8221; global_colors_info=&#8221;{%22gcid-e7796924-c5e5-4680-bc39-a63ddcdeea33%22:%91%22meta_text_color%22%93,%22gcid-c36b81ad-c14e-402f-b5f5-285214bb9288%22:%91%22colorEnd%22%93}&#8221;][\/et_pb_post_title][\/et_pb_column][\/et_pb_row][et_pb_row column_structure=&#8221;1_2,1_2&#8243; use_custom_gutter=&#8221;on&#8221; gutter_width=&#8221;1&#8243; make_equal=&#8221;on&#8221; _builder_version=&#8221;4.16&#8243; _module_preset=&#8221;default&#8221; custom_css_main_element=&#8221;align-items:center;&#8221; global_colors_info=&#8221;{}&#8221;][et_pb_column type=&#8221;1_2&#8243; _builder_version=&#8221;4.16&#8243; _module_preset=&#8221;default&#8221; custom_padding=&#8221;|8%|||false|false&#8221; custom_padding_tablet=&#8221;|0%|||false|false&#8221; custom_padding_phone=&#8221;|0%|||false|false&#8221; custom_padding_last_edited=&#8221;on|tablet&#8221; global_colors_info=&#8221;{}&#8221;][et_pb_text _builder_version=&#8221;4.21.0&#8243; _module_preset=&#8221;default&#8221; max_width_tablet=&#8221;100%&#8221; max_width_phone=&#8221;100%&#8221; max_width_last_edited=&#8221;on|tablet&#8221; module_alignment=&#8221;left&#8221; custom_margin=&#8221;||32px|||&#8221; global_colors_info=&#8221;{}&#8221;]<\/p>\n<p>As part of her Master of Science at ISAE-SUPAERO, <strong>Miriam chose to go to Canada for her end-of-study internship at Concordia University, in the heart of Montreal<\/strong>. Returning in October 2023, she tells us about her <strong>6 months of discoveries, encounters and learning<\/strong> as she explored the Canadian landscape and culture.<\/p>\n<p>[\/et_pb_text][\/et_pb_column][et_pb_column type=&#8221;1_2&#8243; _builder_version=&#8221;4.16&#8243; _module_preset=&#8221;default&#8221; global_colors_info=&#8221;{}&#8221;][et_pb_image src=&#8221;https:\/\/fondation-isae-supaero.org\/wp-content\/uploads\/2023\/11\/HEADER_Miriam.webp&#8221; align=&#8221;right&#8221; force_fullwidth=&#8221;on&#8221; align_tablet=&#8221;left&#8221; align_phone=&#8221;left&#8221; align_last_edited=&#8221;on|tablet&#8221; module_class=&#8221;left-t&#8221; _builder_version=&#8221;4.21.0&#8243; _module_preset=&#8221;default&#8221; background_enable_image=&#8221;off&#8221; background_size=&#8221;initial&#8221; background_position=&#8221;top_left&#8221; z_index=&#8221;0&#8243; custom_margin=&#8221;||||false|false&#8221; custom_margin_tablet=&#8221;20px||||false|false&#8221; custom_margin_phone=&#8221;20px||||false|false&#8221; custom_margin_last_edited=&#8221;on|tablet&#8221; global_colors_info=&#8221;{}&#8221;][\/et_pb_image][\/et_pb_column][\/et_pb_row][\/et_pb_section][et_pb_section fb_built=&#8221;1&#8243; custom_padding_last_edited=&#8221;on|tablet&#8221; _builder_version=&#8221;4.16&#8243; _module_preset=&#8221;default&#8221; background_enable_color=&#8221;on&#8221; background_image=&#8221;http:\/\/fondation-isae-supaero.org\/wp-content\/uploads\/2022\/03\/pointilles.svg&#8221; background_size=&#8221;initial&#8221; background_repeat=&#8221;repeat-y&#8221; custom_padding=&#8221;100px||100px||true|false&#8221; custom_padding_tablet=&#8221;80px||80px||true|false&#8221; custom_padding_phone=&#8221;80px||80px||true|false&#8221; global_colors_info=&#8221;{%22gcid-c36b81ad-c14e-402f-b5f5-285214bb9288%22:%91%22background_color%22%93}&#8221;][et_pb_row _builder_version=&#8221;4.16&#8243; _module_preset=&#8221;default&#8221; global_colors_info=&#8221;{}&#8221;][et_pb_column type=&#8221;4_4&#8243; _builder_version=&#8221;4.16&#8243; _module_preset=&#8221;default&#8221; global_colors_info=&#8221;{}&#8221;][et_pb_text _builder_version=&#8221;4.21.0&#8243; _module_preset=&#8221;a31fb28a-5b8a-4aa6-8c5c-dd6c124d89a6&#8243; custom_margin=&#8221;||29px|||&#8221; global_colors_info=&#8221;{}&#8221;]<\/p>\n<h2>What were your motivations when you arrived at Concordia University?<\/h2>\n<p>[\/et_pb_text][\/et_pb_column][\/et_pb_row][et_pb_row _builder_version=&#8221;4.16&#8243; _module_preset=&#8221;default&#8221; global_colors_info=&#8221;{}&#8221;][et_pb_column type=&#8221;4_4&#8243; _builder_version=&#8221;4.16&#8243; _module_preset=&#8221;default&#8221; global_colors_info=&#8221;{}&#8221;][et_pb_text _builder_version=&#8221;4.21.0&#8243; _module_preset=&#8221;default&#8221; global_colors_info=&#8221;{}&#8221;]<\/p>\n<p>Ever since I was a child, I&#8217;ve dreamed of Canada and its natural landscapes. What&#8217;s more, Montreal, headquarters of ICAO and IATA, was the ideal destination to fulfill my ambitions as an aerospace engineer.<\/p>\n<p>[\/et_pb_text][\/et_pb_column][\/et_pb_row][\/et_pb_section][et_pb_section fb_built=&#8221;1&#8243; custom_padding_last_edited=&#8221;on|tablet&#8221; module_class=&#8221;dc-inverser-colonnes&#8211;section&#8221; _builder_version=&#8221;4.16&#8243; _module_preset=&#8221;default&#8221; background_color=&#8221;gcid-950e6a19-45b6-4be9-bffe-4ec0fa9a99e4&#8243; background_image=&#8221;http:\/\/fondation-isae-supaero.org\/wp-content\/uploads\/2022\/03\/pointilles.svg&#8221; background_size=&#8221;initial&#8221; background_repeat=&#8221;repeat-y&#8221; overflow-x=&#8221;hidden&#8221; overflow-y=&#8221;hidden&#8221; custom_padding=&#8221;100px||100px||true|false&#8221; custom_padding_tablet=&#8221;80px||80px||true|false&#8221; custom_padding_phone=&#8221;80px||80px||true|false&#8221; global_colors_info=&#8221;{%22gcid-950e6a19-45b6-4be9-bffe-4ec0fa9a99e4%22:%91%22background_color%22%93}&#8221;][et_pb_row column_structure=&#8221;1_3,2_3&#8243; disabled_on=&#8221;off|off|off&#8221; _builder_version=&#8221;4.16&#8243; _module_preset=&#8221;default&#8221; global_colors_info=&#8221;{}&#8221;][et_pb_column type=&#8221;1_3&#8243; _builder_version=&#8221;4.16&#8243; _module_preset=&#8221;default&#8221; background_enable_image=&#8221;off&#8221; background_size=&#8221;initial&#8221; background_position=&#8221;top_left&#8221; global_colors_info=&#8221;{}&#8221;][et_pb_text _builder_version=&#8221;4.21.0&#8243; _module_preset=&#8221;a31fb28a-5b8a-4aa6-8c5c-dd6c124d89a6&#8243; custom_margin=&#8221;||11px|||&#8221; global_colors_info=&#8221;{}&#8221;]<\/p>\n<h2>How was your stay there? <\/h2>\n<p>[\/et_pb_text][et_pb_text module_class=&#8221;yellow&#8221; _builder_version=&#8221;4.21.0&#8243; _module_preset=&#8221;d3bf5c8f-3269-411a-b632-836ecafe78d9&#8243; custom_margin=&#8221;||1px||false|false&#8221; custom_padding=&#8221;|4px||4px|false|false&#8221; text_font_size_phone=&#8221;20px&#8221; global_colors_info=&#8221;{}&#8221;]<\/p>\n<p>Miriam Scarano<\/p>\n<p>[\/et_pb_text][et_pb_image src=&#8221;https:\/\/fondation-isae-supaero.org\/wp-content\/uploads\/2023\/11\/templatebleu_Miriam.webp&#8221; _builder_version=&#8221;4.21.0&#8243; _module_preset=&#8221;default&#8221; background_enable_image=&#8221;off&#8221; background_size=&#8221;initial&#8221; background_position=&#8221;top_left&#8221; custom_margin=&#8221;60px||||false|false&#8221; custom_margin_tablet=&#8221;||30px||false|false&#8221; custom_margin_phone=&#8221;||30px||false|false&#8221; custom_margin_last_edited=&#8221;on|tablet&#8221; scroll_vertical_motion_enable=&#8221;on&#8221; scroll_vertical_motion=&#8221;0|100|100|100|0|0|0&#8243; scroll_vertical_motion_tablet=&#8221;0|100|100|100|0|0|0&#8243; scroll_vertical_motion_phone=&#8221;0|100|100|100|0.5|0|0&#8243; scroll_vertical_motion_last_edited=&#8221;on|phone&#8221; global_colors_info=&#8221;{}&#8221;][\/et_pb_image][\/et_pb_column][et_pb_column type=&#8221;2_3&#8243; _builder_version=&#8221;4.16&#8243; _module_preset=&#8221;default&#8221; custom_padding=&#8221;0px||||false|false&#8221; custom_padding_tablet=&#8221;|0%|||false|false&#8221; custom_padding_phone=&#8221;|0%|||false|false&#8221; custom_padding_last_edited=&#8221;on|tablet&#8221; global_colors_info=&#8221;{}&#8221;][et_pb_text _builder_version=&#8221;4.21.0&#8243; _module_preset=&#8221;default&#8221; custom_margin=&#8221;3.6%||||false|false&#8221; custom_margin_tablet=&#8221;20px||||false|false&#8221; custom_margin_phone=&#8221;20px||||false|false&#8221; custom_margin_last_edited=&#8221;on|tablet&#8221; hover_enabled=&#8221;0&#8243; global_colors_info=&#8221;{}&#8221; sticky_enabled=&#8221;0&#8243;]<\/p>\n<p>Je mentirais en disant que mon s\u00e9jour s\u2019est d\u00e9roul\u00e9 \u00e0 merveille depuis le tout d\u00e9but. Pour m\u2019accueillir, il a eu une dizaine de jours apr\u00e8s mon arriv\u00e9e ou j\u2019ai d\u00fb passer pas mal de temps \u00e0 m\u2019installer correctement et \u00e0 obtenir les autorisations n\u00e9cessaires pour acc\u00e9der au laboratoire o\u00f9 j\u2019\u00e9tais cens\u00e9e travailler. De plus, j\u2019ai \u00e9t\u00e9 confront\u00e9 \u00e0 un logiciel en cours de d\u00e9veloppement sans aucune documentation. Au d\u00e9but, j\u2019ai eu beaucoup de mal \u00e0 me faire des amis parmi les gens qui m\u2019entouraient.<\/p>\n<p>Montr\u00e9al est une grande m\u00e9tropole multiculturelle et le mode de vie dans le centre-ville (o\u00f9 se trouve mon universit\u00e9) est assez anim\u00e9 et stressant. Les gens semblent toujours courir partout et s\u2019occuper de leurs propres affaires. Tout cela n\u2019a pas facilit\u00e9 mon int\u00e9gration au point ou j\u2019avais peur de ne pas y arriver et j\u2019ai presque souhait\u00e9 retourner en Europe. Cependant, <strong>ce sont pr\u00e9cis\u00e9ment ces difficult\u00e9s qui ont rendu cette exp\u00e9rience unique et fondamentale pour moi, elles m\u2019ont fait m\u00fbrir de mani\u00e8re incroyable<\/strong>.<\/p>\n<p>Cette exp\u00e9rience m\u2019a permis de travailler beaucoup sur moi-m\u00eame en tant que personne et apr\u00e8s les trois premiers mois, j\u2019ai nou\u00e9 des liens tr\u00e8s enrichissants. L\u2019ambiance de travail est aussi devenue plus conviviale et une fois que j\u2019ai pris contact avec mes coll\u00e8gues, j\u2019ai trouv\u00e9 des gens extraordinaires, intelligents, inspirants et tr\u00e8s gentils.<\/p>\n<p>Pendant l\u2019\u00e9t\u00e9 la ville change compl\u00e8tement, le soleil r\u00e9chauffe les rues et les places accueillent des festivals gratuits de toutes sortes. C\u2019\u00e9tait l\u2019occasion r\u00eav\u00e9e d\u2019entrer en contact avec les habitants de la r\u00e9gion. J\u2019ai eu l\u2019occasion de partir \u00e0 la d\u00e9couverte de l\u2019histoire des autochtones du Qu\u00e9bec et des atrocit\u00e9s qu\u2019ils ont subis \u00e0 travers des expositions mus\u00e9ales \u00e9tonnantes.<\/p>\n<p>J\u2019ai d\u00e9couvert une communaut\u00e9 tr\u00e8s accueillante. J\u2019ai fait du camping et j\u2019ai eu l\u2019occasion de voir les merveilles de la r\u00e9gion du Saguenay, qui est absolument magnifique.<\/p>\n<p>[\/et_pb_text][\/et_pb_column][\/et_pb_row][\/et_pb_section][et_pb_section fb_built=&#8221;1&#8243; custom_padding_last_edited=&#8221;on|tablet&#8221; _builder_version=&#8221;4.16&#8243; _module_preset=&#8221;default&#8221; background_image=&#8221;http:\/\/fondation-isae-supaero.org\/wp-content\/uploads\/2022\/03\/pointilles.svg&#8221; background_size=&#8221;initial&#8221; background_repeat=&#8221;repeat-y&#8221; custom_padding=&#8221;0%||0px||false|false&#8221; custom_padding_tablet=&#8221;0%||30px||false|false&#8221; custom_padding_phone=&#8221;0%||30px||false|false&#8221; global_colors_info=&#8221;{}&#8221;][et_pb_row column_structure=&#8221;1_2,1_2&#8243; _builder_version=&#8221;4.16&#8243; _module_preset=&#8221;default&#8221; custom_margin_tablet=&#8221;&#8221; custom_margin_phone=&#8221;||0px||false|false&#8221; custom_margin_last_edited=&#8221;on|phone&#8221; global_colors_info=&#8221;{}&#8221;][et_pb_column type=&#8221;1_2&#8243; _builder_version=&#8221;4.16&#8243; _module_preset=&#8221;default&#8221; global_colors_info=&#8221;{}&#8221;][et_pb_text _builder_version=&#8221;4.21.0&#8243; _module_preset=&#8221;a31fb28a-5b8a-4aa6-8c5c-dd6c124d89a6&#8243; max_width=&#8221;600px&#8221; max_width_tablet=&#8221;100%&#8221; max_width_phone=&#8221;100%&#8221; max_width_last_edited=&#8221;on|tablet&#8221; custom_margin=&#8221;||23px|||&#8221; global_colors_info=&#8221;{}&#8221;]<\/p>\n<h2>What did you gain from your stay?<\/h2>\n<p>[\/et_pb_text][et_pb_text _builder_version=&#8221;4.21.0&#8243; _module_preset=&#8221;default&#8221; global_colors_info=&#8221;{}&#8221;]<\/p>\n<p>I had the opportunity to make my dreams come true: to discover the grandeur of nature in Canada (far from the big cities), which is something I find hard to describe in words, and to have the chance, thanks to my Bulgarian friend whom I met at work, to visit the ICAO site guided by a member of the Secretariat.<\/p>\n<p>What&#8217;s more, <strong>it was the first time since I went to engineering school that I&#8217;d been in a predominantly female environment. Strong, determined, committed and courageous women who have taught me a lot.<\/strong>I&#8217;m not only honing my technical skills, but also challenging myself to grow and give the best of myself in all aspects of my life.<\/p>\n<p><strong>All this unleashed my potential, which enabled me to believe more in myself and finally succeed in my work<\/strong>, to the extent that I was able to run two workshops for my research team on the software that had given me problems in the first place.<\/p>\n<p>[\/et_pb_text][\/et_pb_column][et_pb_column type=&#8221;1_2&#8243; _builder_version=&#8221;4.16&#8243; _module_preset=&#8221;default&#8221; global_colors_info=&#8221;{}&#8221;][et_pb_image src=&#8221;https:\/\/fondation-isae-supaero.org\/wp-content\/uploads\/2023\/11\/IMAGES_miriam.webp&#8221; _builder_version=&#8221;4.21.0&#8243; _module_preset=&#8221;default&#8221; min_height=&#8221;321px&#8221; custom_padding=&#8221;82px|||||&#8221; global_colors_info=&#8221;{}&#8221;][\/et_pb_image][et_pb_text _builder_version=&#8221;4.21.0&#8243; _module_preset=&#8221;default&#8221; global_colors_info=&#8221;{}&#8221;]<\/p>\n<p><span style=\"font-size: 20px;\">I got to know very different traditions and cultures from all over the world, which helped me open my mind and push back my limits. I&#8217; <strong>ll never forget it<\/strong>. Among other things, I have forged a close friendship that has made my departure very difficult, and which I am committed to preserving despite the distance.<\/span><\/p>\n<p>[\/et_pb_text][\/et_pb_column][\/et_pb_row][et_pb_row _builder_version=&#8221;4.16&#8243; _module_preset=&#8221;default&#8221; custom_margin_tablet=&#8221;&#8221; custom_margin_phone=&#8221;||0px||false|false&#8221; custom_margin_last_edited=&#8221;on|phone&#8221; custom_padding=&#8221;35px||0px||false|false&#8221; global_colors_info=&#8221;{}&#8221;][et_pb_column type=&#8221;4_4&#8243; _builder_version=&#8221;4.16&#8243; _module_preset=&#8221;default&#8221; global_colors_info=&#8221;{}&#8221;][et_pb_text _builder_version=&#8221;4.21.0&#8243; _module_preset=&#8221;a31fb28a-5b8a-4aa6-8c5c-dd6c124d89a6&#8243; global_colors_info=&#8221;{}&#8221;]<\/p>\n<h3>What&#8217;s next for you?<\/h3>\n<p><strong>I now aspire to continue working and taking on new challenges in the aerospace field<\/strong>: it was the umpteenth demonstration that I thrive in this field, wherever I may be in the world.<\/p>\n<p>[\/et_pb_text][et_pb_text _builder_version=&#8221;4.21.0&#8243; _module_preset=&#8221;a31fb28a-5b8a-4aa6-8c5c-dd6c124d89a6&#8243; custom_margin=&#8221;||1px|||&#8221; global_colors_info=&#8221;{}&#8221;]<\/p>\n<h5 style=\"text-align: center;\">I want to support projects like Miriam&#8217;s<\/h5>\n<p>[\/et_pb_text][et_pb_button button_url=&#8221;https:\/\/don.fondation-isae-supaero.org\/fr&#8221; url_new_window=&#8221;on&#8221; button_text=&#8221;make a donation&#8221; button_alignment=&#8221;center&#8221; _builder_version=&#8221;4.16&#8243; _module_preset=&#8221;24395b89-e215-42c1-83eb-521b2fe8e1c1&#8243; button_text_size=&#8221;24px&#8221; button_border_radius=&#8221;50px&#8221; custom_margin=&#8221;25px||||false|false&#8221; custom_padding=&#8221;13px|45px|13px|73px|false|false&#8221; global_colors_info=&#8221;{%22gcid-950e6a19-45b6-4be9-bffe-4ec0fa9a99e4%22:%91%22button_text_color%22,%22button_text_color%22,%22button_text_color%22%93,%22gcid-e7796924-c5e5-4680-bc39-a63ddcdeea33%22:%91%22button_bg_color%22%93,%22gcid-dec49c5d-77f7-4b65-985c-e96ffb455891%22:%91%22button_bg_color%22%93}&#8221;][\/et_pb_button][\/et_pb_column][\/et_pb_row][\/et_pb_section]<\/p>\n","protected":false},"excerpt":{"rendered":"<p>Miriam Scarano chose to carry out her final year internship at Concordia University in Montreal as part of her Master of Science at ISAE-SUPAERO. Returning in October 2023, she tells us about it.<\/p>\n","protected":false},"author":3,"featured_media":10373,"comment_status":"open","ping_status":"open","sticky":false,"template":"","format":"standard","meta":{"_acf_changed":false,"_et_pb_use_builder":"on","_et_pb_old_content":"","_et_gb_content_width":"","footnotes":""},"categories":[79,80,73],"tags":[],"class_list":["post-10322","post","type-post","status-publish","format-standard","has-post-thumbnail","hentry","category-international-influence","category-research-and-teaching","category-testimonials"],"acf":[],"yoast_head":"<!-- This site is optimized with the Yoast SEO plugin v26.6 - https:\/\/yoast.com\/wordpress\/plugins\/seo\/ -->\n<title>6-month internship at Concordia University in Montreal for Miriam - Fondation ISAE-SUPAERO<\/title>\n<meta name=\"robots\" content=\"index, follow, max-snippet:-1, max-image-preview:large, max-video-preview:-1\" \/>\n<link rel=\"canonical\" href=\"https:\/\/fondation-isae-supaero.org\/en\/6-month-internship-at-concordia-university-in-montreal-for-miriam\/\" \/>\n<meta property=\"og:locale\" content=\"en_US\" \/>\n<meta property=\"og:type\" content=\"article\" \/>\n<meta property=\"og:title\" content=\"6-month internship at Concordia University in Montreal for Miriam - Fondation ISAE-SUPAERO\" \/>\n<meta property=\"og:description\" content=\"Miriam Scarano chose to carry out her final year internship at Concordia University in Montreal as part of her Master of Science at ISAE-SUPAERO. Returning in October 2023, she tells us about it.\" \/>\n<meta property=\"og:url\" content=\"https:\/\/fondation-isae-supaero.org\/en\/6-month-internship-at-concordia-university-in-montreal-for-miriam\/\" \/>\n<meta property=\"og:site_name\" content=\"Fondation ISAE-SUPAERO\" \/>\n<meta property=\"article:published_time\" content=\"2023-12-01T09:05:59+00:00\" \/>\n<meta property=\"article:modified_time\" content=\"2023-12-01T09:22:13+00:00\" \/>\n<meta property=\"og:image\" content=\"https:\/\/fondation-isae-supaero.org\/wp-content\/uploads\/2023\/12\/VIGNETTES_actualites-_2_.webp\" \/>\n\t<meta property=\"og:image:width\" content=\"400\" \/>\n\t<meta property=\"og:image:height\" content=\"274\" \/>\n\t<meta property=\"og:image:type\" content=\"image\/webp\" \/>\n<meta name=\"author\" content=\"K\u00e9vin FISAE\" \/>\n<meta name=\"twitter:card\" content=\"summary_large_image\" \/>\n<meta name=\"twitter:label1\" content=\"Written by\" \/>\n\t<meta name=\"twitter:data1\" content=\"K\u00e9vin FISAE\" \/>\n\t<meta name=\"twitter:label2\" content=\"Est. reading time\" \/>\n\t<meta name=\"twitter:data2\" content=\"6 minutes\" \/>\n<script type=\"application\/ld+json\" class=\"yoast-schema-graph\">{\"@context\":\"https:\/\/schema.org\",\"@graph\":[{\"@type\":\"Article\",\"@id\":\"https:\/\/fondation-isae-supaero.org\/en\/6-month-internship-at-concordia-university-in-montreal-for-miriam\/#article\",\"isPartOf\":{\"@id\":\"https:\/\/fondation-isae-supaero.org\/en\/6-month-internship-at-concordia-university-in-montreal-for-miriam\/\"},\"author\":{\"name\":\"K\u00e9vin FISAE\",\"@id\":\"https:\/\/fondation-isae-supaero.org\/en\/#\/schema\/person\/659e41a58ae9f2aeeec7f28007a11310\"},\"headline\":\"6-month internship at Concordia University in Montreal for Miriam\",\"datePublished\":\"2023-12-01T09:05:59+00:00\",\"dateModified\":\"2023-12-01T09:22:13+00:00\",\"mainEntityOfPage\":{\"@id\":\"https:\/\/fondation-isae-supaero.org\/en\/6-month-internship-at-concordia-university-in-montreal-for-miriam\/\"},\"wordCount\":2417,\"commentCount\":0,\"publisher\":{\"@id\":\"https:\/\/fondation-isae-supaero.org\/en\/#organization\"},\"image\":{\"@id\":\"https:\/\/fondation-isae-supaero.org\/en\/6-month-internship-at-concordia-university-in-montreal-for-miriam\/#primaryimage\"},\"thumbnailUrl\":\"https:\/\/fondation-isae-supaero.org\/wp-content\/uploads\/2023\/12\/VIGNETTES_actualites-_2_.webp\",\"articleSection\":[\"International influence\",\"Research and teaching\",\"Testimonials\"],\"inLanguage\":\"en-US\",\"potentialAction\":[{\"@type\":\"CommentAction\",\"name\":\"Comment\",\"target\":[\"https:\/\/fondation-isae-supaero.org\/en\/6-month-internship-at-concordia-university-in-montreal-for-miriam\/#respond\"]}]},{\"@type\":\"WebPage\",\"@id\":\"https:\/\/fondation-isae-supaero.org\/en\/6-month-internship-at-concordia-university-in-montreal-for-miriam\/\",\"url\":\"https:\/\/fondation-isae-supaero.org\/en\/6-month-internship-at-concordia-university-in-montreal-for-miriam\/\",\"name\":\"6-month internship at Concordia University in Montreal for Miriam - Fondation ISAE-SUPAERO\",\"isPartOf\":{\"@id\":\"https:\/\/fondation-isae-supaero.org\/en\/#website\"},\"primaryImageOfPage\":{\"@id\":\"https:\/\/fondation-isae-supaero.org\/en\/6-month-internship-at-concordia-university-in-montreal-for-miriam\/#primaryimage\"},\"image\":{\"@id\":\"https:\/\/fondation-isae-supaero.org\/en\/6-month-internship-at-concordia-university-in-montreal-for-miriam\/#primaryimage\"},\"thumbnailUrl\":\"https:\/\/fondation-isae-supaero.org\/wp-content\/uploads\/2023\/12\/VIGNETTES_actualites-_2_.webp\",\"datePublished\":\"2023-12-01T09:05:59+00:00\",\"dateModified\":\"2023-12-01T09:22:13+00:00\",\"breadcrumb\":{\"@id\":\"https:\/\/fondation-isae-supaero.org\/en\/6-month-internship-at-concordia-university-in-montreal-for-miriam\/#breadcrumb\"},\"inLanguage\":\"en-US\",\"potentialAction\":[{\"@type\":\"ReadAction\",\"target\":[\"https:\/\/fondation-isae-supaero.org\/en\/6-month-internship-at-concordia-university-in-montreal-for-miriam\/\"]}]},{\"@type\":\"ImageObject\",\"inLanguage\":\"en-US\",\"@id\":\"https:\/\/fondation-isae-supaero.org\/en\/6-month-internship-at-concordia-university-in-montreal-for-miriam\/#primaryimage\",\"url\":\"https:\/\/fondation-isae-supaero.org\/wp-content\/uploads\/2023\/12\/VIGNETTES_actualites-_2_.webp\",\"contentUrl\":\"https:\/\/fondation-isae-supaero.org\/wp-content\/uploads\/2023\/12\/VIGNETTES_actualites-_2_.webp\",\"width\":400,\"height\":274},{\"@type\":\"BreadcrumbList\",\"@id\":\"https:\/\/fondation-isae-supaero.org\/en\/6-month-internship-at-concordia-university-in-montreal-for-miriam\/#breadcrumb\",\"itemListElement\":[{\"@type\":\"ListItem\",\"position\":1,\"name\":\"Accueil\",\"item\":\"https:\/\/fondation-isae-supaero.org\/en\/\"},{\"@type\":\"ListItem\",\"position\":2,\"name\":\"6-month internship at Concordia University in Montreal for Miriam\"}]},{\"@type\":\"WebSite\",\"@id\":\"https:\/\/fondation-isae-supaero.org\/en\/#website\",\"url\":\"https:\/\/fondation-isae-supaero.org\/en\/\",\"name\":\"Fondation ISAE-SUPAERO\",\"description\":\"Pour le soutien de la recherche et l&#039;enseignement sup\u00e9rieur \u00e0 l&#039;Institut Sup\u00e9rieur de l&#039;A\u00e9ronautique et de l&#039;Espace\",\"publisher\":{\"@id\":\"https:\/\/fondation-isae-supaero.org\/en\/#organization\"},\"potentialAction\":[{\"@type\":\"SearchAction\",\"target\":{\"@type\":\"EntryPoint\",\"urlTemplate\":\"https:\/\/fondation-isae-supaero.org\/en\/?s={search_term_string}\"},\"query-input\":{\"@type\":\"PropertyValueSpecification\",\"valueRequired\":true,\"valueName\":\"search_term_string\"}}],\"inLanguage\":\"en-US\"},{\"@type\":\"Organization\",\"@id\":\"https:\/\/fondation-isae-supaero.org\/en\/#organization\",\"name\":\"Fondation ISAE Supaero\",\"url\":\"https:\/\/fondation-isae-supaero.org\/en\/\",\"logo\":{\"@type\":\"ImageObject\",\"inLanguage\":\"en-US\",\"@id\":\"https:\/\/fondation-isae-supaero.org\/en\/#\/schema\/logo\/image\/\",\"url\":\"https:\/\/fondation-isae-supaero.org\/wp-content\/uploads\/2022\/04\/logo-fondation-ras-293px.svg\",\"contentUrl\":\"https:\/\/fondation-isae-supaero.org\/wp-content\/uploads\/2022\/04\/logo-fondation-ras-293px.svg\",\"width\":294,\"height\":93,\"caption\":\"Fondation ISAE Supaero\"},\"image\":{\"@id\":\"https:\/\/fondation-isae-supaero.org\/en\/#\/schema\/logo\/image\/\"}},{\"@type\":\"Person\",\"@id\":\"https:\/\/fondation-isae-supaero.org\/en\/#\/schema\/person\/659e41a58ae9f2aeeec7f28007a11310\",\"name\":\"K\u00e9vin FISAE\",\"image\":{\"@type\":\"ImageObject\",\"inLanguage\":\"en-US\",\"@id\":\"https:\/\/fondation-isae-supaero.org\/en\/#\/schema\/person\/image\/\",\"url\":\"https:\/\/secure.gravatar.com\/avatar\/e08769f733c2e144f4da78774a89fc331bd8e0a185b7f043e8f300c58328bcf2?s=96&d=mm&r=g\",\"contentUrl\":\"https:\/\/secure.gravatar.com\/avatar\/e08769f733c2e144f4da78774a89fc331bd8e0a185b7f043e8f300c58328bcf2?s=96&d=mm&r=g\",\"caption\":\"K\u00e9vin FISAE\"},\"sameAs\":[\"http:\/\/Supis\"]}]}<\/script>\n<!-- \/ Yoast SEO plugin. -->","yoast_head_json":{"title":"6-month internship at Concordia University in Montreal for Miriam - Fondation ISAE-SUPAERO","robots":{"index":"index","follow":"follow","max-snippet":"max-snippet:-1","max-image-preview":"max-image-preview:large","max-video-preview":"max-video-preview:-1"},"canonical":"https:\/\/fondation-isae-supaero.org\/en\/6-month-internship-at-concordia-university-in-montreal-for-miriam\/","og_locale":"en_US","og_type":"article","og_title":"6-month internship at Concordia University in Montreal for Miriam - Fondation ISAE-SUPAERO","og_description":"Miriam Scarano chose to carry out her final year internship at Concordia University in Montreal as part of her Master of Science at ISAE-SUPAERO. Returning in October 2023, she tells us about it.","og_url":"https:\/\/fondation-isae-supaero.org\/en\/6-month-internship-at-concordia-university-in-montreal-for-miriam\/","og_site_name":"Fondation ISAE-SUPAERO","article_published_time":"2023-12-01T09:05:59+00:00","article_modified_time":"2023-12-01T09:22:13+00:00","og_image":[{"width":400,"height":274,"url":"https:\/\/fondation-isae-supaero.org\/wp-content\/uploads\/2023\/12\/VIGNETTES_actualites-_2_.webp","type":"image\/webp"}],"author":"K\u00e9vin FISAE","twitter_card":"summary_large_image","twitter_misc":{"Written by":"K\u00e9vin FISAE","Est. reading time":"6 minutes"},"schema":{"@context":"https:\/\/schema.org","@graph":[{"@type":"Article","@id":"https:\/\/fondation-isae-supaero.org\/en\/6-month-internship-at-concordia-university-in-montreal-for-miriam\/#article","isPartOf":{"@id":"https:\/\/fondation-isae-supaero.org\/en\/6-month-internship-at-concordia-university-in-montreal-for-miriam\/"},"author":{"name":"K\u00e9vin FISAE","@id":"https:\/\/fondation-isae-supaero.org\/en\/#\/schema\/person\/659e41a58ae9f2aeeec7f28007a11310"},"headline":"6-month internship at Concordia University in Montreal for Miriam","datePublished":"2023-12-01T09:05:59+00:00","dateModified":"2023-12-01T09:22:13+00:00","mainEntityOfPage":{"@id":"https:\/\/fondation-isae-supaero.org\/en\/6-month-internship-at-concordia-university-in-montreal-for-miriam\/"},"wordCount":2417,"commentCount":0,"publisher":{"@id":"https:\/\/fondation-isae-supaero.org\/en\/#organization"},"image":{"@id":"https:\/\/fondation-isae-supaero.org\/en\/6-month-internship-at-concordia-university-in-montreal-for-miriam\/#primaryimage"},"thumbnailUrl":"https:\/\/fondation-isae-supaero.org\/wp-content\/uploads\/2023\/12\/VIGNETTES_actualites-_2_.webp","articleSection":["International influence","Research and teaching","Testimonials"],"inLanguage":"en-US","potentialAction":[{"@type":"CommentAction","name":"Comment","target":["https:\/\/fondation-isae-supaero.org\/en\/6-month-internship-at-concordia-university-in-montreal-for-miriam\/#respond"]}]},{"@type":"WebPage","@id":"https:\/\/fondation-isae-supaero.org\/en\/6-month-internship-at-concordia-university-in-montreal-for-miriam\/","url":"https:\/\/fondation-isae-supaero.org\/en\/6-month-internship-at-concordia-university-in-montreal-for-miriam\/","name":"6-month internship at Concordia University in Montreal for Miriam - Fondation ISAE-SUPAERO","isPartOf":{"@id":"https:\/\/fondation-isae-supaero.org\/en\/#website"},"primaryImageOfPage":{"@id":"https:\/\/fondation-isae-supaero.org\/en\/6-month-internship-at-concordia-university-in-montreal-for-miriam\/#primaryimage"},"image":{"@id":"https:\/\/fondation-isae-supaero.org\/en\/6-month-internship-at-concordia-university-in-montreal-for-miriam\/#primaryimage"},"thumbnailUrl":"https:\/\/fondation-isae-supaero.org\/wp-content\/uploads\/2023\/12\/VIGNETTES_actualites-_2_.webp","datePublished":"2023-12-01T09:05:59+00:00","dateModified":"2023-12-01T09:22:13+00:00","breadcrumb":{"@id":"https:\/\/fondation-isae-supaero.org\/en\/6-month-internship-at-concordia-university-in-montreal-for-miriam\/#breadcrumb"},"inLanguage":"en-US","potentialAction":[{"@type":"ReadAction","target":["https:\/\/fondation-isae-supaero.org\/en\/6-month-internship-at-concordia-university-in-montreal-for-miriam\/"]}]},{"@type":"ImageObject","inLanguage":"en-US","@id":"https:\/\/fondation-isae-supaero.org\/en\/6-month-internship-at-concordia-university-in-montreal-for-miriam\/#primaryimage","url":"https:\/\/fondation-isae-supaero.org\/wp-content\/uploads\/2023\/12\/VIGNETTES_actualites-_2_.webp","contentUrl":"https:\/\/fondation-isae-supaero.org\/wp-content\/uploads\/2023\/12\/VIGNETTES_actualites-_2_.webp","width":400,"height":274},{"@type":"BreadcrumbList","@id":"https:\/\/fondation-isae-supaero.org\/en\/6-month-internship-at-concordia-university-in-montreal-for-miriam\/#breadcrumb","itemListElement":[{"@type":"ListItem","position":1,"name":"Accueil","item":"https:\/\/fondation-isae-supaero.org\/en\/"},{"@type":"ListItem","position":2,"name":"6-month internship at Concordia University in Montreal for Miriam"}]},{"@type":"WebSite","@id":"https:\/\/fondation-isae-supaero.org\/en\/#website","url":"https:\/\/fondation-isae-supaero.org\/en\/","name":"Fondation ISAE-SUPAERO","description":"Pour le soutien de la recherche et l&#039;enseignement sup\u00e9rieur \u00e0 l&#039;Institut Sup\u00e9rieur de l&#039;A\u00e9ronautique et de l&#039;Espace","publisher":{"@id":"https:\/\/fondation-isae-supaero.org\/en\/#organization"},"potentialAction":[{"@type":"SearchAction","target":{"@type":"EntryPoint","urlTemplate":"https:\/\/fondation-isae-supaero.org\/en\/?s={search_term_string}"},"query-input":{"@type":"PropertyValueSpecification","valueRequired":true,"valueName":"search_term_string"}}],"inLanguage":"en-US"},{"@type":"Organization","@id":"https:\/\/fondation-isae-supaero.org\/en\/#organization","name":"Fondation ISAE Supaero","url":"https:\/\/fondation-isae-supaero.org\/en\/","logo":{"@type":"ImageObject","inLanguage":"en-US","@id":"https:\/\/fondation-isae-supaero.org\/en\/#\/schema\/logo\/image\/","url":"https:\/\/fondation-isae-supaero.org\/wp-content\/uploads\/2022\/04\/logo-fondation-ras-293px.svg","contentUrl":"https:\/\/fondation-isae-supaero.org\/wp-content\/uploads\/2022\/04\/logo-fondation-ras-293px.svg","width":294,"height":93,"caption":"Fondation ISAE Supaero"},"image":{"@id":"https:\/\/fondation-isae-supaero.org\/en\/#\/schema\/logo\/image\/"}},{"@type":"Person","@id":"https:\/\/fondation-isae-supaero.org\/en\/#\/schema\/person\/659e41a58ae9f2aeeec7f28007a11310","name":"K\u00e9vin FISAE","image":{"@type":"ImageObject","inLanguage":"en-US","@id":"https:\/\/fondation-isae-supaero.org\/en\/#\/schema\/person\/image\/","url":"https:\/\/secure.gravatar.com\/avatar\/e08769f733c2e144f4da78774a89fc331bd8e0a185b7f043e8f300c58328bcf2?s=96&d=mm&r=g","contentUrl":"https:\/\/secure.gravatar.com\/avatar\/e08769f733c2e144f4da78774a89fc331bd8e0a185b7f043e8f300c58328bcf2?s=96&d=mm&r=g","caption":"K\u00e9vin FISAE"},"sameAs":["http:\/\/Supis"]}]}},"_links":{"self":[{"href":"https:\/\/fondation-isae-supaero.org\/en\/wp-json\/wp\/v2\/posts\/10322","targetHints":{"allow":["GET"]}}],"collection":[{"href":"https:\/\/fondation-isae-supaero.org\/en\/wp-json\/wp\/v2\/posts"}],"about":[{"href":"https:\/\/fondation-isae-supaero.org\/en\/wp-json\/wp\/v2\/types\/post"}],"author":[{"embeddable":true,"href":"https:\/\/fondation-isae-supaero.org\/en\/wp-json\/wp\/v2\/users\/3"}],"replies":[{"embeddable":true,"href":"https:\/\/fondation-isae-supaero.org\/en\/wp-json\/wp\/v2\/comments?post=10322"}],"version-history":[{"count":10,"href":"https:\/\/fondation-isae-supaero.org\/en\/wp-json\/wp\/v2\/posts\/10322\/revisions"}],"predecessor-version":[{"id":10382,"href":"https:\/\/fondation-isae-supaero.org\/en\/wp-json\/wp\/v2\/posts\/10322\/revisions\/10382"}],"wp:featuredmedia":[{"embeddable":true,"href":"https:\/\/fondation-isae-supaero.org\/en\/wp-json\/wp\/v2\/media\/10373"}],"wp:attachment":[{"href":"https:\/\/fondation-isae-supaero.org\/en\/wp-json\/wp\/v2\/media?parent=10322"}],"wp:term":[{"taxonomy":"category","embeddable":true,"href":"https:\/\/fondation-isae-supaero.org\/en\/wp-json\/wp\/v2\/categories?post=10322"},{"taxonomy":"post_tag","embeddable":true,"href":"https:\/\/fondation-isae-supaero.org\/en\/wp-json\/wp\/v2\/tags?post=10322"}],"curies":[{"name":"wp","href":"https:\/\/api.w.org\/{rel}","templated":true}]}}