{"id":12125,"date":"2024-06-10T06:20:09","date_gmt":"2024-06-10T06:20:09","guid":{"rendered":"https:\/\/fondation-isae-supaero.org\/?p=12125"},"modified":"2024-06-14T13:38:07","modified_gmt":"2024-06-14T13:38:07","slug":"ose-isae-supaero-makes-its-2024-presentation-at-the-toulouse-min","status":"publish","type":"post","link":"https:\/\/fondation-isae-supaero.org\/en\/ose-isae-supaero-makes-its-2024-presentation-at-the-toulouse-min\/","title":{"rendered":"OSE ISAE-SUPAERO makes its 2024 presentation at the Toulouse MIN"},"content":{"rendered":"<p>[et_pb_section fb_built=&#8221;1&#8243; custom_padding_last_edited=&#8221;on|phone&#8221; _builder_version=&#8221;4.16&#8243; _module_preset=&#8221;default&#8221; custom_padding=&#8221;6%||6%||true|false&#8221; custom_padding_tablet=&#8221;120px||80px||false|false&#8221; custom_padding_phone=&#8221;120px||50px||false|false&#8221; global_colors_info=&#8221;{}&#8221;][et_pb_row _builder_version=&#8221;4.16&#8243; _module_preset=&#8221;default&#8221; saved_tabs=&#8221;all&#8221; global_colors_info=&#8221;{}&#8221;][et_pb_column type=&#8221;4_4&#8243; _builder_version=&#8221;4.16&#8243; _module_preset=&#8221;default&#8221; global_colors_info=&#8221;{}&#8221;][et_pb_text _builder_version=&#8221;4.16&#8243; _dynamic_attributes=&#8221;link_option_url&#8221; _module_preset=&#8221;default&#8221; text_font=&#8221;|700||on|||||&#8221; text_text_color=&#8221;gcid-cbcef012-862c-4867-889e-8f8aada6e9fa&#8221; text_font_size=&#8221;16px&#8221; custom_margin=&#8221;||21px|||&#8221; link_option_url=&#8221;@ET-DC@eyJkeW5hbWljIjp0cnVlLCJjb250ZW50IjoicG9zdF9saW5rX3VybF9wYWdlIiwic2V0dGluZ3MiOnsicG9zdF9pZCI6IjI5MCJ9fQ==@&#8221; global_colors_info=&#8221;{%22gcid-cbcef012-862c-4867-889e-8f8aada6e9fa%22:%91%22text_text_color%22%93,%22gcid-e7796924-c5e5-4680-bc39-a63ddcdeea33%22:%91%22text_text_color__hover%22%93}&#8221; text_text_color__hover_enabled=&#8221;on|hover&#8221; text_text_color__hover=&#8221;#122372&#8243;]<\/p>\n<p>&lt; back to articles<\/p>\n<p>[\/et_pb_text][et_pb_post_title meta=&#8221;off&#8221; date_format=&#8221;j M Y&#8221; featured_image=&#8221;off&#8221; module_id=&#8221;titre-article&#8221; _builder_version=&#8221;4.16&#8243; _module_preset=&#8221;default&#8221; title_font_size=&#8221;2.8em&#8221; title_line_height=&#8221;0.9em&#8221; meta_font=&#8221;|700|||||||&#8221; meta_text_color=&#8221;gcid-e7796924-c5e5-4680-bc39-a63ddcdeea33&#8243; custom_margin=&#8221;||23px|||&#8221; title_font_size_tablet=&#8221;2.8em&#8221; title_font_size_phone=&#8221;2em&#8221; title_font_size_last_edited=&#8221;on|desktop&#8221; title_line_height_tablet=&#8221;1.1em&#8221; title_line_height_phone=&#8221;1.1em&#8221; title_line_height_last_edited=&#8221;on|tablet&#8221; global_colors_info=&#8221;{%22gcid-e7796924-c5e5-4680-bc39-a63ddcdeea33%22:%91%22meta_text_color%22%93}&#8221;][\/et_pb_post_title][et_pb_text module_class=&#8221;publie&#8221; _builder_version=&#8221;4.16&#8243; _module_preset=&#8221;default&#8221; text_font=&#8221;Tiempos Headline Black|800|||||||&#8221; use_background_color_gradient=&#8221;on&#8221; background_color_gradient_stops=&#8221;#ffffff 53%|gcid-c36b81ad-c14e-402f-b5f5-285214bb9288 53%&#8221; background_color_gradient_start=&#8221;#ffffff&#8221; background_color_gradient_start_position=&#8221;53%&#8221; background_color_gradient_end=&#8221;gcid-c36b81ad-c14e-402f-b5f5-285214bb9288&#8243; background_color_gradient_end_position=&#8221;53%&#8221; module_alignment=&#8221;left&#8221; custom_padding=&#8221;|5px||4px|false|false&#8221; custom_css_main_element=&#8221;display: inline-block;||max-width:max-content;&#8221; global_colors_info=&#8221;{%22gcid-c36b81ad-c14e-402f-b5f5-285214bb9288%22:%91%22colorEnd%22%93}&#8221;]<\/p>\n<p>Published on<\/p>\n<p>[\/et_pb_text][et_pb_post_title title=&#8221;off&#8221; author=&#8221;off&#8221; date_format=&#8221;j M Y&#8221; categories=&#8221;off&#8221; comments=&#8221;off&#8221; featured_image=&#8221;off&#8221; _builder_version=&#8221;4.16&#8243; _module_preset=&#8221;default&#8221; title_font_size=&#8221;2.8em&#8221; title_line_height=&#8221;0.9em&#8221; meta_font=&#8221;Tiempos Headline Black|800|||||||&#8221; meta_text_color=&#8221;gcid-e7796924-c5e5-4680-bc39-a63ddcdeea33&#8243; use_background_color_gradient=&#8221;on&#8221; background_color_gradient_stops=&#8221;#ffffff 53%|gcid-c36b81ad-c14e-402f-b5f5-285214bb9288 53%&#8221; background_color_gradient_start=&#8221;#ffffff&#8221; background_color_gradient_start_position=&#8221;53%&#8221; background_color_gradient_end=&#8221;gcid-c36b81ad-c14e-402f-b5f5-285214bb9288&#8243; background_color_gradient_end_position=&#8221;53%&#8221; custom_padding=&#8221;|5px|||false|false&#8221; title_font_size_tablet=&#8221;2.8em&#8221; title_font_size_phone=&#8221;2em&#8221; title_font_size_last_edited=&#8221;on|desktop&#8221; custom_css_main_element=&#8221;display: inline-block;||max-width:max-content;&#8221; global_colors_info=&#8221;{%22gcid-e7796924-c5e5-4680-bc39-a63ddcdeea33%22:%91%22meta_text_color%22%93,%22gcid-c36b81ad-c14e-402f-b5f5-285214bb9288%22:%91%22colorEnd%22%93}&#8221;][\/et_pb_post_title][\/et_pb_column][\/et_pb_row][et_pb_row column_structure=&#8221;1_2,1_2&#8243; use_custom_gutter=&#8221;on&#8221; gutter_width=&#8221;1&#8243; make_equal=&#8221;on&#8221; _builder_version=&#8221;4.16&#8243; _module_preset=&#8221;default&#8221; custom_css_main_element=&#8221;align-items:center;&#8221; global_colors_info=&#8221;{}&#8221;][et_pb_column type=&#8221;1_2&#8243; _builder_version=&#8221;4.16&#8243; _module_preset=&#8221;default&#8221; custom_padding=&#8221;|8%|||false|false&#8221; custom_padding_tablet=&#8221;|0%|||false|false&#8221; custom_padding_phone=&#8221;|0%|||false|false&#8221; custom_padding_last_edited=&#8221;on|tablet&#8221; global_colors_info=&#8221;{}&#8221;][et_pb_text _builder_version=&#8221;4.24.0&#8243; _module_preset=&#8221;default&#8221; max_width_tablet=&#8221;100%&#8221; max_width_phone=&#8221;100%&#8221; max_width_last_edited=&#8221;on|tablet&#8221; module_alignment=&#8221;left&#8221; custom_margin=&#8221;||32px|||&#8221; hover_enabled=&#8221;0&#8243; global_colors_info=&#8221;{}&#8221; sticky_enabled=&#8221;0&#8243;]<\/p>\n<p>After discovering, doing and being inspired, it&#8217;s time to pass on what they&#8217;ve learned:<strong> the annual Cord\u00e9e de la r\u00e9ussite OSE l&#8217;ISAE-SUPAERO event took place on Thursday May 30, 2024 at the March\u00e9 d&#8217;Int\u00e9r\u00eat National in Toulouse<\/strong>.<\/p>\n<p>\ud83d\udcf7 Photos of the event, taken by Club Rafale, can be found <a href=\"https:\/\/www.flickr.com\/photos\/194546076@N07\/albums\/72177720317905818\/with\/53791159695\/\" target=\"_blank\" rel=\"noopener\">here<\/a>.<\/p>\n<p>[\/et_pb_text][\/et_pb_column][et_pb_column type=&#8221;1_2&#8243; _builder_version=&#8221;4.16&#8243; _module_preset=&#8221;default&#8221; global_colors_info=&#8221;{}&#8221;][et_pb_image src=&#8221;https:\/\/fondation-isae-supaero.org\/wp-content\/uploads\/2024\/05\/HEADER-Restitution.jpg&#8221; align=&#8221;right&#8221; force_fullwidth=&#8221;on&#8221; align_tablet=&#8221;left&#8221; align_phone=&#8221;left&#8221; align_last_edited=&#8221;on|tablet&#8221; module_class=&#8221;left-t&#8221; _builder_version=&#8221;4.24.0&#8243; _module_preset=&#8221;default&#8221; background_enable_image=&#8221;off&#8221; background_size=&#8221;initial&#8221; background_position=&#8221;top_left&#8221; z_index=&#8221;0&#8243; custom_margin=&#8221;||||false|false&#8221; custom_margin_tablet=&#8221;20px||||false|false&#8221; custom_margin_phone=&#8221;20px||||false|false&#8221; custom_margin_last_edited=&#8221;on|tablet&#8221; global_colors_info=&#8221;{}&#8221;][\/et_pb_image][\/et_pb_column][\/et_pb_row][\/et_pb_section][et_pb_section fb_built=&#8221;1&#8243; custom_padding_last_edited=&#8221;on|tablet&#8221; _builder_version=&#8221;4.16&#8243; _module_preset=&#8221;default&#8221; background_enable_color=&#8221;on&#8221; background_image=&#8221;http:\/\/fondation-isae-supaero.org\/wp-content\/uploads\/2022\/03\/pointilles.svg&#8221; background_size=&#8221;initial&#8221; background_repeat=&#8221;repeat-y&#8221; custom_padding=&#8221;100px||100px||true|false&#8221; custom_padding_tablet=&#8221;80px||80px||true|false&#8221; custom_padding_phone=&#8221;80px||80px||true|false&#8221; global_colors_info=&#8221;{%22gcid-c36b81ad-c14e-402f-b5f5-285214bb9288%22:%91%22background_color%22%93}&#8221;][et_pb_row _builder_version=&#8221;4.16&#8243; _module_preset=&#8221;default&#8221; global_colors_info=&#8221;{}&#8221;][et_pb_column type=&#8221;4_4&#8243; _builder_version=&#8221;4.16&#8243; _module_preset=&#8221;default&#8221; global_colors_info=&#8221;{}&#8221;][et_pb_text _builder_version=&#8221;4.24.0&#8243; _module_preset=&#8221;default&#8221; global_colors_info=&#8221;{}&#8221;]<\/p>\n<p>Throughout the year, the ISAE-SUPAERO OSE program offers more than 1,100 young people from various schools in the Toulouse and Montpellier academies themed courses enabling them to :<\/p>\n<p style=\"text-align: center;\"><strong>Discover &#8211; Make &#8211; Inspire and Restore<\/strong>.<\/p>\n<p>[\/et_pb_text][et_pb_text _builder_version=&#8221;4.24.0&#8243; _module_preset=&#8221;default&#8221; global_colors_info=&#8221;{}&#8221;]<\/p>\n<p>This year, there were <strong>4 main themes<\/strong>: <\/p>\n<ul>\n<li><strong>Feminization<\/strong> (Post&#8217;Her projects, Parcours Campus au f\u00e9minin and \u00c7a plane pour elles)<\/li>\n<li><strong>Guidance, orality and tutoring<\/strong> (Mentoring, projets Bac Pro, Mon projet dans le sup, Caving)<\/li>\n<li><strong>Space and popularization<\/strong> (Space course, Diving, Robotics)<\/li>\n<li><strong>Sustainable development and sport<\/strong> (Sustainable development, Handifly, Climbing courses) <\/li>\n<\/ul>\n<p>[\/et_pb_text][et_pb_text _builder_version=&#8221;4.24.0&#8243; _module_preset=&#8221;default&#8221; global_colors_info=&#8221;{}&#8221;]<\/p>\n<p>The presentation day is eagerly awaited by all the students in the Cord\u00e9e de la r\u00e9ussite OSE L&#8217;ISAE-SUPAERO program, and marks the end of the tutoring year. Over the past year, the classes have been working on various projects, and this is their chance to present them!<\/p>\n<p>[\/et_pb_text][\/et_pb_column][\/et_pb_row][\/et_pb_section][et_pb_section fb_built=&#8221;1&#8243; custom_padding_last_edited=&#8221;on|desktop&#8221; _builder_version=&#8221;4.16&#8243; _module_preset=&#8221;default&#8221; background_image=&#8221;http:\/\/fondation-isae-supaero.org\/wp-content\/uploads\/2022\/03\/pointilles.svg&#8221; background_size=&#8221;initial&#8221; background_repeat=&#8221;repeat-y&#8221; custom_padding=&#8221;100px||0px||false|false&#8221; custom_padding_tablet=&#8221;80px||30px||false|false&#8221; custom_padding_phone=&#8221;80px||30px||false|false&#8221; global_colors_info=&#8221;{}&#8221;][et_pb_row _builder_version=&#8221;4.16&#8243; _module_preset=&#8221;default&#8221; custom_margin_tablet=&#8221;&#8221; custom_margin_phone=&#8221;||0px||false|false&#8221; custom_margin_last_edited=&#8221;on|phone&#8221; global_colors_info=&#8221;{}&#8221;][et_pb_column type=&#8221;4_4&#8243; _builder_version=&#8221;4.16&#8243; _module_preset=&#8221;default&#8221; global_colors_info=&#8221;{}&#8221;][et_pb_text _builder_version=&#8221;4.24.0&#8243; _module_preset=&#8221;default&#8221; global_colors_info=&#8221;{}&#8221;]<\/p>\n<h3>On the agenda for this one-day event:<\/h3>\n<p>[\/et_pb_text][\/et_pb_column][\/et_pb_row][et_pb_row _builder_version=&#8221;4.24.0&#8243; _module_preset=&#8221;default&#8221; custom_margin_tablet=&#8221;&#8221; custom_margin_phone=&#8221;||0px||false|false&#8221; custom_margin_last_edited=&#8221;on|phone&#8221; global_colors_info=&#8221;{}&#8221;][et_pb_column type=&#8221;4_4&#8243; _builder_version=&#8221;4.16&#8243; _module_preset=&#8221;default&#8221; global_colors_info=&#8221;{}&#8221;][et_pb_text _builder_version=&#8221;4.24.0&#8243; _module_preset=&#8221;default&#8221; global_colors_info=&#8221;{}&#8221;]<\/p>\n<ul>\n<li><strong>Opening by Olivier Lesbre<\/strong>, General Manager of ISAE-SUPAERO, <strong>St\u00e9phane Albernhe<\/strong>, President of the Foundation <strong>and Nadia Pellefigue<\/strong>, Vice President of the Occitanie region in charge of higher education and research.<\/li>\n<li><strong>180-second pitch from alumni and partners<\/strong>: their experiences and advice for the students in attendance. The pitches were evaluated by the students, with prizes awarded for the best performances: <strong>Benoit Floquet, Bourse Jeune Pousse 2021, won the Jury Prize, and Malaury Fouet, OSE volunteer, won the Coup de Coeur Prize!<\/strong><\/li>\n<li>In the afternoon, the roles were reversed: in the <strong>form of stands, students from each school took it in turn to present the projects they had carried out during the year to a panel of partners<\/strong> (tutoring, Women&#8217;s Campus course, diving, caving, Space Course, Sustainable Development Course, Bac Pro immersion, etc.).<\/li>\n<\/ul>\n<p>[\/et_pb_text][\/et_pb_column][\/et_pb_row][et_pb_row column_structure=&#8221;1_2,1_2&#8243; _builder_version=&#8221;4.24.0&#8243; _module_preset=&#8221;default&#8221; custom_margin_tablet=&#8221;&#8221; custom_margin_phone=&#8221;||0px||false|false&#8221; custom_margin_last_edited=&#8221;on|phone&#8221; global_colors_info=&#8221;{}&#8221;][et_pb_column type=&#8221;1_2&#8243; _builder_version=&#8221;4.16&#8243; _module_preset=&#8221;default&#8221; global_colors_info=&#8221;{}&#8221;][et_pb_image src=&#8221;https:\/\/fondation-isae-supaero.org\/wp-content\/uploads\/2024\/05\/image_PrixPublic-2.jpg&#8221; _builder_version=&#8221;4.24.0&#8243; _module_preset=&#8221;default&#8221; global_colors_info=&#8221;{}&#8221;][\/et_pb_image][\/et_pb_column][et_pb_column type=&#8221;1_2&#8243; _builder_version=&#8221;4.16&#8243; _module_preset=&#8221;default&#8221; global_colors_info=&#8221;{}&#8221;][et_pb_image src=&#8221;https:\/\/fondation-isae-supaero.org\/wp-content\/uploads\/2024\/05\/image_PrixPublic-1.jpg&#8221; _builder_version=&#8221;4.24.0&#8243; _module_preset=&#8221;default&#8221; global_colors_info=&#8221;{}&#8221;][\/et_pb_image][\/et_pb_column][\/et_pb_row][et_pb_row _builder_version=&#8221;4.16&#8243; _module_preset=&#8221;default&#8221; custom_margin_tablet=&#8221;&#8221; custom_margin_phone=&#8221;||0px||false|false&#8221; custom_margin_last_edited=&#8221;on|phone&#8221; global_colors_info=&#8221;{}&#8221;][et_pb_column type=&#8221;4_4&#8243; _builder_version=&#8221;4.16&#8243; _module_preset=&#8221;default&#8221; global_colors_info=&#8221;{}&#8221;][et_pb_text _builder_version=&#8221;4.24.0&#8243; _module_preset=&#8221;default&#8221; custom_margin=&#8221;35px|||||&#8221; custom_padding=&#8221;0px|||||&#8221; global_colors_info=&#8221;{}&#8221;]<\/p>\n<h3>Awards ceremony :<\/h3>\n<p>[\/et_pb_text][et_pb_text _builder_version=&#8221;4.24.0&#8243; _module_preset=&#8221;default&#8221; global_colors_info=&#8221;{}&#8221;]<\/p>\n<p>After each jury had visited the stands, the students in turn were able to wander around and discover the stands of the other schools, and vote for &#8220;the best stand&#8221; by awarding a People&#8217;s Choice Award to the secondary school of their choice.<\/p>\n<p>Based on evaluation criteria relating to verbal and non-verbal communication, the information given, the length of the pitch, the form and originality of the project and the medium, the day&#8217;s big winners were :<\/p>\n<ul>\n<li><strong>1st prize in the middle school category<\/strong>: Jules Vernes middle school with their project on the theme of feminization<\/li>\n<li><strong>1st prize in the high school category<\/strong>: Lyc\u00e9e Fran\u00e7oise de Tournefeuille with their presentation of tutoring and orality.<\/li>\n<li><strong>1st prize in the middle school category<\/strong>: Coll\u00e8ge Claude Nougaro with their project on feminization as part of Campus au F\u00e9minin.<\/li>\n<li><strong>1st prize in the high school category<\/strong>: Lyc\u00e9e Jules Fil for their satellite communications project, part of the Space Path with Space Elevator.<\/li>\n<\/ul>\n<p>[\/et_pb_text][\/et_pb_column][\/et_pb_row][et_pb_row column_structure=&#8221;1_2,1_2&#8243; _builder_version=&#8221;4.19.4&#8243; _module_preset=&#8221;default&#8221; custom_padding=&#8221;35px||0px||false|false&#8221; global_colors_info=&#8221;{}&#8221;][et_pb_column type=&#8221;1_2&#8243; _builder_version=&#8221;4.19.4&#8243; _module_preset=&#8221;default&#8221; global_colors_info=&#8221;{}&#8221;][et_pb_image src=&#8221;https:\/\/fondation-isae-supaero.org\/wp-content\/uploads\/2024\/05\/image_PrixJury.jpg&#8221; align=&#8221;center&#8221; _builder_version=&#8221;4.24.0&#8243; _module_preset=&#8221;default&#8221; global_colors_info=&#8221;{}&#8221;][\/et_pb_image][\/et_pb_column][et_pb_column type=&#8221;1_2&#8243; _builder_version=&#8221;4.19.4&#8243; _module_preset=&#8221;default&#8221; global_colors_info=&#8221;{}&#8221;][et_pb_image src=&#8221;https:\/\/fondation-isae-supaero.org\/wp-content\/uploads\/2024\/05\/image_PrixPublic.jpg&#8221; _builder_version=&#8221;4.24.0&#8243; _module_preset=&#8221;default&#8221; global_colors_info=&#8221;{}&#8221;][\/et_pb_image][\/et_pb_column][\/et_pb_row][et_pb_row _builder_version=&#8221;4.16&#8243; _module_preset=&#8221;default&#8221; custom_margin_tablet=&#8221;&#8221; custom_margin_phone=&#8221;||0px||false|false&#8221; custom_margin_last_edited=&#8221;on|phone&#8221; global_colors_info=&#8221;{}&#8221;][et_pb_column type=&#8221;4_4&#8243; _builder_version=&#8221;4.16&#8243; _module_preset=&#8221;default&#8221; global_colors_info=&#8221;{}&#8221;][et_pb_text _builder_version=&#8221;4.24.0&#8243; _module_preset=&#8221;default&#8221; custom_margin=&#8221;35px|||||&#8221; global_colors_info=&#8221;{}&#8221;]<\/p>\n<h3>The year also saw the signing of 4 new partnership agreements:<\/h3>\n<p>[\/et_pb_text][\/et_pb_column][\/et_pb_row][et_pb_row _builder_version=&#8221;4.16&#8243; _module_preset=&#8221;default&#8221; custom_margin_tablet=&#8221;&#8221; custom_margin_phone=&#8221;||0px||false|false&#8221; custom_margin_last_edited=&#8221;on|phone&#8221; global_colors_info=&#8221;{}&#8221;][et_pb_column type=&#8221;4_4&#8243; _builder_version=&#8221;4.16&#8243; _module_preset=&#8221;default&#8221; global_colors_info=&#8221;{}&#8221;][et_pb_text _builder_version=&#8221;4.24.0&#8243; _module_preset=&#8221;default&#8221; custom_margin=&#8221;28px|||||&#8221; global_colors_info=&#8221;{}&#8221;]<\/p>\n<ul>\n<li>\n<p><strong>With the March\u00e9 d&#8217;Int\u00e9r\u00eat National<\/strong>, in the presence of Maguelone Pontier, MIN Director<\/p>\n<\/li>\n<li>\n<p><strong>With the Ecole Nationale de M\u00e9t\u00e9orologie<\/strong>, in the presence of Philippe Dandin, ENM Director<\/p>\n<\/li>\n<li>\n<p><strong>With UPPSITECH<\/strong>, in the presence of Philippe Joly, Director of UPSSITECH<\/p>\n<\/li>\n<li>\n<p><strong>With the Des Territoires aux Grandes \u00c9coles association<\/strong>, in the presence of Maguelone Pontier, Honorary President of De la Haute-Garonne aux Grandes \u00c9coles<\/p>\n<\/li>\n<\/ul>\n<p>[\/et_pb_text][\/et_pb_column][\/et_pb_row][et_pb_row _builder_version=&#8221;4.16&#8243; _module_preset=&#8221;default&#8221; custom_margin_tablet=&#8221;&#8221; custom_margin_phone=&#8221;||0px||false|false&#8221; custom_margin_last_edited=&#8221;on|phone&#8221; global_colors_info=&#8221;{}&#8221;][et_pb_column type=&#8221;4_4&#8243; _builder_version=&#8221;4.16&#8243; _module_preset=&#8221;default&#8221; global_colors_info=&#8221;{}&#8221;][et_pb_text _builder_version=&#8221;4.24.0&#8243; _module_preset=&#8221;default&#8221; custom_margin=&#8221;28px|||||&#8221; global_colors_info=&#8221;{}&#8221;]<\/p>\n<p>Many thanks to all the student volunteers, alumni, professionals and partners involved in this day organized by the Ouverture Sociale Etudiante team. <\/p>\n<p>[\/et_pb_text][et_pb_image src=&#8221;https:\/\/fondation-isae-supaero.org\/wp-content\/uploads\/2024\/05\/image_restitution1.jpg&#8221; align=&#8221;center&#8221; _builder_version=&#8221;4.24.0&#8243; _module_preset=&#8221;default&#8221; global_colors_info=&#8221;{}&#8221;][\/et_pb_image][\/et_pb_column][\/et_pb_row][\/et_pb_section][et_pb_section fb_built=&#8221;1&#8243; custom_padding_last_edited=&#8221;on|desktop&#8221; _builder_version=&#8221;4.16&#8243; _module_preset=&#8221;default&#8221; background_image=&#8221;http:\/\/fondation-isae-supaero.org\/wp-content\/uploads\/2022\/03\/pointilles.svg&#8221; background_size=&#8221;initial&#8221; background_repeat=&#8221;repeat-y&#8221; custom_padding=&#8221;3px||0px||false|false&#8221; custom_padding_tablet=&#8221;80px||30px||false|false&#8221; custom_padding_phone=&#8221;80px||30px||false|false&#8221; global_colors_info=&#8221;{}&#8221;][et_pb_row _builder_version=&#8221;4.16&#8243; _module_preset=&#8221;default&#8221; custom_margin_tablet=&#8221;&#8221; custom_margin_phone=&#8221;||0px||false|false&#8221; custom_margin_last_edited=&#8221;on|phone&#8221; global_colors_info=&#8221;{}&#8221;][et_pb_column type=&#8221;4_4&#8243; _builder_version=&#8221;4.16&#8243; _module_preset=&#8221;default&#8221; global_colors_info=&#8221;{}&#8221;][et_pb_text _builder_version=&#8221;4.16&#8243; _module_preset=&#8221;default&#8221; custom_margin=&#8221;35px||||false|false&#8221; global_colors_info=&#8221;{}&#8221;]<\/p>\n<h5 style=\"text-align: center;\">I support the ISAE-SUPAERO OSE Program<\/h5>\n<p>[\/et_pb_text][et_pb_button button_url=&#8221;https:\/\/don.fondation-isae-supaero.org\/fr&#8221; url_new_window=&#8221;on&#8221; button_text=&#8221;make a donation&#8221; button_alignment=&#8221;center&#8221; button_alignment_tablet=&#8221;center&#8221; button_alignment_phone=&#8221;center&#8221; button_alignment_last_edited=&#8221;on|tablet&#8221; _builder_version=&#8221;4.16&#8243; _module_preset=&#8221;24395b89-e215-42c1-83eb-521b2fe8e1c1&#8243; button_text_size=&#8221;24px&#8221; button_border_radius=&#8221;50px&#8221; custom_padding=&#8221;13px|45px|13px|73px|false|false&#8221; global_colors_info=&#8221;{%22gcid-950e6a19-45b6-4be9-bffe-4ec0fa9a99e4%22:%91%22button_text_color%22,%22button_text_color%22,%22button_text_color%22%93,%22gcid-e7796924-c5e5-4680-bc39-a63ddcdeea33%22:%91%22button_bg_color%22%93,%22gcid-dec49c5d-77f7-4b65-985c-e96ffb455891%22:%91%22button_bg_color%22%93}&#8221;][\/et_pb_button][\/et_pb_column][\/et_pb_row][\/et_pb_section]<\/p>\n","protected":false},"excerpt":{"rendered":"<p>After discovering, doing and being inspired, it&#8217;s time to pass on what they&#8217;ve learned: the annual Cord\u00e9e de la r\u00e9ussite OSE l&#8217;ISAE-SUPAERO event took place on Thursday May 30, 2024 at the March\u00e9 d&#8217;Int\u00e9r\u00eat National in Toulouse. <\/p>\n","protected":false},"author":3,"featured_media":12132,"comment_status":"closed","ping_status":"open","sticky":false,"template":"","format":"standard","meta":{"_acf_changed":false,"_et_pb_use_builder":"on","_et_pb_old_content":"","_et_gb_content_width":"","footnotes":""},"categories":[22,68,71,51],"tags":[],"class_list":["post-12125","post","type-post","status-publish","format-standard","has-post-thumbnail","hentry","category-actualites","category-event","category-ose-isae-supaero-en","category-ose-lisae-supaero"],"acf":[],"yoast_head":"<!-- This site is optimized with the Yoast SEO plugin v26.6 - https:\/\/yoast.com\/wordpress\/plugins\/seo\/ -->\n<title>OSE ISAE-SUPAERO makes its 2024 presentation at the Toulouse MIN - Fondation ISAE-SUPAERO<\/title>\n<meta name=\"robots\" content=\"index, follow, max-snippet:-1, max-image-preview:large, max-video-preview:-1\" \/>\n<link rel=\"canonical\" href=\"https:\/\/fondation-isae-supaero.org\/en\/ose-isae-supaero-makes-its-2024-presentation-at-the-toulouse-min\/\" \/>\n<meta property=\"og:locale\" content=\"en_US\" \/>\n<meta property=\"og:type\" content=\"article\" \/>\n<meta property=\"og:title\" content=\"OSE ISAE-SUPAERO makes its 2024 presentation at the Toulouse MIN - Fondation ISAE-SUPAERO\" \/>\n<meta property=\"og:description\" content=\"After discovering, doing and being inspired, it&#039;s time to pass on what they&#039;ve learned: the annual Cord\u00e9e de la r\u00e9ussite OSE l&#039;ISAE-SUPAERO event took place on Thursday May 30, 2024 at the March\u00e9 d&#039;Int\u00e9r\u00eat National in Toulouse.\" \/>\n<meta property=\"og:url\" content=\"https:\/\/fondation-isae-supaero.org\/en\/ose-isae-supaero-makes-its-2024-presentation-at-the-toulouse-min\/\" \/>\n<meta property=\"og:site_name\" content=\"Fondation ISAE-SUPAERO\" \/>\n<meta property=\"article:published_time\" content=\"2024-06-10T06:20:09+00:00\" \/>\n<meta property=\"article:modified_time\" content=\"2024-06-14T13:38:07+00:00\" \/>\n<meta property=\"og:image\" content=\"https:\/\/fondation-isae-supaero.org\/wp-content\/uploads\/2024\/06\/Vignette-Restitution-OSE.jpg\" \/>\n\t<meta property=\"og:image:width\" content=\"400\" \/>\n\t<meta property=\"og:image:height\" content=\"274\" \/>\n\t<meta property=\"og:image:type\" content=\"image\/jpeg\" \/>\n<meta name=\"author\" content=\"K\u00e9vin FISAE\" \/>\n<meta name=\"twitter:card\" content=\"summary_large_image\" \/>\n<meta name=\"twitter:label1\" content=\"Written by\" \/>\n\t<meta name=\"twitter:data1\" content=\"K\u00e9vin FISAE\" \/>\n\t<meta name=\"twitter:label2\" content=\"Est. reading time\" \/>\n\t<meta name=\"twitter:data2\" content=\"5 minutes\" \/>\n<script type=\"application\/ld+json\" class=\"yoast-schema-graph\">{\"@context\":\"https:\/\/schema.org\",\"@graph\":[{\"@type\":\"Article\",\"@id\":\"https:\/\/fondation-isae-supaero.org\/en\/ose-isae-supaero-makes-its-2024-presentation-at-the-toulouse-min\/#article\",\"isPartOf\":{\"@id\":\"https:\/\/fondation-isae-supaero.org\/en\/ose-isae-supaero-makes-its-2024-presentation-at-the-toulouse-min\/\"},\"author\":{\"name\":\"K\u00e9vin FISAE\",\"@id\":\"https:\/\/fondation-isae-supaero.org\/en\/#\/schema\/person\/659e41a58ae9f2aeeec7f28007a11310\"},\"headline\":\"OSE ISAE-SUPAERO makes its 2024 presentation at the Toulouse MIN\",\"datePublished\":\"2024-06-10T06:20:09+00:00\",\"dateModified\":\"2024-06-14T13:38:07+00:00\",\"mainEntityOfPage\":{\"@id\":\"https:\/\/fondation-isae-supaero.org\/en\/ose-isae-supaero-makes-its-2024-presentation-at-the-toulouse-min\/\"},\"wordCount\":2355,\"publisher\":{\"@id\":\"https:\/\/fondation-isae-supaero.org\/en\/#organization\"},\"image\":{\"@id\":\"https:\/\/fondation-isae-supaero.org\/en\/ose-isae-supaero-makes-its-2024-presentation-at-the-toulouse-min\/#primaryimage\"},\"thumbnailUrl\":\"https:\/\/fondation-isae-supaero.org\/wp-content\/uploads\/2024\/06\/Vignette-Restitution-OSE.jpg\",\"articleSection\":[\"Actualit\u00e9s\",\"Event\",\"OSE ISAE-SUPAERO\",\"OSE l'ISAE-SUPAERO\"],\"inLanguage\":\"en-US\"},{\"@type\":\"WebPage\",\"@id\":\"https:\/\/fondation-isae-supaero.org\/en\/ose-isae-supaero-makes-its-2024-presentation-at-the-toulouse-min\/\",\"url\":\"https:\/\/fondation-isae-supaero.org\/en\/ose-isae-supaero-makes-its-2024-presentation-at-the-toulouse-min\/\",\"name\":\"OSE ISAE-SUPAERO makes its 2024 presentation at the Toulouse MIN - Fondation ISAE-SUPAERO\",\"isPartOf\":{\"@id\":\"https:\/\/fondation-isae-supaero.org\/en\/#website\"},\"primaryImageOfPage\":{\"@id\":\"https:\/\/fondation-isae-supaero.org\/en\/ose-isae-supaero-makes-its-2024-presentation-at-the-toulouse-min\/#primaryimage\"},\"image\":{\"@id\":\"https:\/\/fondation-isae-supaero.org\/en\/ose-isae-supaero-makes-its-2024-presentation-at-the-toulouse-min\/#primaryimage\"},\"thumbnailUrl\":\"https:\/\/fondation-isae-supaero.org\/wp-content\/uploads\/2024\/06\/Vignette-Restitution-OSE.jpg\",\"datePublished\":\"2024-06-10T06:20:09+00:00\",\"dateModified\":\"2024-06-14T13:38:07+00:00\",\"breadcrumb\":{\"@id\":\"https:\/\/fondation-isae-supaero.org\/en\/ose-isae-supaero-makes-its-2024-presentation-at-the-toulouse-min\/#breadcrumb\"},\"inLanguage\":\"en-US\",\"potentialAction\":[{\"@type\":\"ReadAction\",\"target\":[\"https:\/\/fondation-isae-supaero.org\/en\/ose-isae-supaero-makes-its-2024-presentation-at-the-toulouse-min\/\"]}]},{\"@type\":\"ImageObject\",\"inLanguage\":\"en-US\",\"@id\":\"https:\/\/fondation-isae-supaero.org\/en\/ose-isae-supaero-makes-its-2024-presentation-at-the-toulouse-min\/#primaryimage\",\"url\":\"https:\/\/fondation-isae-supaero.org\/wp-content\/uploads\/2024\/06\/Vignette-Restitution-OSE.jpg\",\"contentUrl\":\"https:\/\/fondation-isae-supaero.org\/wp-content\/uploads\/2024\/06\/Vignette-Restitution-OSE.jpg\",\"width\":400,\"height\":274},{\"@type\":\"BreadcrumbList\",\"@id\":\"https:\/\/fondation-isae-supaero.org\/en\/ose-isae-supaero-makes-its-2024-presentation-at-the-toulouse-min\/#breadcrumb\",\"itemListElement\":[{\"@type\":\"ListItem\",\"position\":1,\"name\":\"Accueil\",\"item\":\"https:\/\/fondation-isae-supaero.org\/en\/\"},{\"@type\":\"ListItem\",\"position\":2,\"name\":\"OSE ISAE-SUPAERO makes its 2024 presentation at the Toulouse MIN\"}]},{\"@type\":\"WebSite\",\"@id\":\"https:\/\/fondation-isae-supaero.org\/en\/#website\",\"url\":\"https:\/\/fondation-isae-supaero.org\/en\/\",\"name\":\"Fondation ISAE-SUPAERO\",\"description\":\"Pour le soutien de la recherche et l&#039;enseignement sup\u00e9rieur \u00e0 l&#039;Institut Sup\u00e9rieur de l&#039;A\u00e9ronautique et de l&#039;Espace\",\"publisher\":{\"@id\":\"https:\/\/fondation-isae-supaero.org\/en\/#organization\"},\"potentialAction\":[{\"@type\":\"SearchAction\",\"target\":{\"@type\":\"EntryPoint\",\"urlTemplate\":\"https:\/\/fondation-isae-supaero.org\/en\/?s={search_term_string}\"},\"query-input\":{\"@type\":\"PropertyValueSpecification\",\"valueRequired\":true,\"valueName\":\"search_term_string\"}}],\"inLanguage\":\"en-US\"},{\"@type\":\"Organization\",\"@id\":\"https:\/\/fondation-isae-supaero.org\/en\/#organization\",\"name\":\"Fondation ISAE Supaero\",\"url\":\"https:\/\/fondation-isae-supaero.org\/en\/\",\"logo\":{\"@type\":\"ImageObject\",\"inLanguage\":\"en-US\",\"@id\":\"https:\/\/fondation-isae-supaero.org\/en\/#\/schema\/logo\/image\/\",\"url\":\"https:\/\/fondation-isae-supaero.org\/wp-content\/uploads\/2022\/04\/logo-fondation-ras-293px.svg\",\"contentUrl\":\"https:\/\/fondation-isae-supaero.org\/wp-content\/uploads\/2022\/04\/logo-fondation-ras-293px.svg\",\"width\":294,\"height\":93,\"caption\":\"Fondation ISAE Supaero\"},\"image\":{\"@id\":\"https:\/\/fondation-isae-supaero.org\/en\/#\/schema\/logo\/image\/\"}},{\"@type\":\"Person\",\"@id\":\"https:\/\/fondation-isae-supaero.org\/en\/#\/schema\/person\/659e41a58ae9f2aeeec7f28007a11310\",\"name\":\"K\u00e9vin FISAE\",\"image\":{\"@type\":\"ImageObject\",\"inLanguage\":\"en-US\",\"@id\":\"https:\/\/fondation-isae-supaero.org\/en\/#\/schema\/person\/image\/\",\"url\":\"https:\/\/secure.gravatar.com\/avatar\/e08769f733c2e144f4da78774a89fc331bd8e0a185b7f043e8f300c58328bcf2?s=96&d=mm&r=g\",\"contentUrl\":\"https:\/\/secure.gravatar.com\/avatar\/e08769f733c2e144f4da78774a89fc331bd8e0a185b7f043e8f300c58328bcf2?s=96&d=mm&r=g\",\"caption\":\"K\u00e9vin FISAE\"},\"sameAs\":[\"http:\/\/Supis\"]}]}<\/script>\n<!-- \/ Yoast SEO plugin. -->","yoast_head_json":{"title":"OSE ISAE-SUPAERO makes its 2024 presentation at the Toulouse MIN - Fondation ISAE-SUPAERO","robots":{"index":"index","follow":"follow","max-snippet":"max-snippet:-1","max-image-preview":"max-image-preview:large","max-video-preview":"max-video-preview:-1"},"canonical":"https:\/\/fondation-isae-supaero.org\/en\/ose-isae-supaero-makes-its-2024-presentation-at-the-toulouse-min\/","og_locale":"en_US","og_type":"article","og_title":"OSE ISAE-SUPAERO makes its 2024 presentation at the Toulouse MIN - Fondation ISAE-SUPAERO","og_description":"After discovering, doing and being inspired, it's time to pass on what they've learned: the annual Cord\u00e9e de la r\u00e9ussite OSE l'ISAE-SUPAERO event took place on Thursday May 30, 2024 at the March\u00e9 d'Int\u00e9r\u00eat National in Toulouse.","og_url":"https:\/\/fondation-isae-supaero.org\/en\/ose-isae-supaero-makes-its-2024-presentation-at-the-toulouse-min\/","og_site_name":"Fondation ISAE-SUPAERO","article_published_time":"2024-06-10T06:20:09+00:00","article_modified_time":"2024-06-14T13:38:07+00:00","og_image":[{"width":400,"height":274,"url":"https:\/\/fondation-isae-supaero.org\/wp-content\/uploads\/2024\/06\/Vignette-Restitution-OSE.jpg","type":"image\/jpeg"}],"author":"K\u00e9vin FISAE","twitter_card":"summary_large_image","twitter_misc":{"Written by":"K\u00e9vin FISAE","Est. reading time":"5 minutes"},"schema":{"@context":"https:\/\/schema.org","@graph":[{"@type":"Article","@id":"https:\/\/fondation-isae-supaero.org\/en\/ose-isae-supaero-makes-its-2024-presentation-at-the-toulouse-min\/#article","isPartOf":{"@id":"https:\/\/fondation-isae-supaero.org\/en\/ose-isae-supaero-makes-its-2024-presentation-at-the-toulouse-min\/"},"author":{"name":"K\u00e9vin FISAE","@id":"https:\/\/fondation-isae-supaero.org\/en\/#\/schema\/person\/659e41a58ae9f2aeeec7f28007a11310"},"headline":"OSE ISAE-SUPAERO makes its 2024 presentation at the Toulouse MIN","datePublished":"2024-06-10T06:20:09+00:00","dateModified":"2024-06-14T13:38:07+00:00","mainEntityOfPage":{"@id":"https:\/\/fondation-isae-supaero.org\/en\/ose-isae-supaero-makes-its-2024-presentation-at-the-toulouse-min\/"},"wordCount":2355,"publisher":{"@id":"https:\/\/fondation-isae-supaero.org\/en\/#organization"},"image":{"@id":"https:\/\/fondation-isae-supaero.org\/en\/ose-isae-supaero-makes-its-2024-presentation-at-the-toulouse-min\/#primaryimage"},"thumbnailUrl":"https:\/\/fondation-isae-supaero.org\/wp-content\/uploads\/2024\/06\/Vignette-Restitution-OSE.jpg","articleSection":["Actualit\u00e9s","Event","OSE ISAE-SUPAERO","OSE l'ISAE-SUPAERO"],"inLanguage":"en-US"},{"@type":"WebPage","@id":"https:\/\/fondation-isae-supaero.org\/en\/ose-isae-supaero-makes-its-2024-presentation-at-the-toulouse-min\/","url":"https:\/\/fondation-isae-supaero.org\/en\/ose-isae-supaero-makes-its-2024-presentation-at-the-toulouse-min\/","name":"OSE ISAE-SUPAERO makes its 2024 presentation at the Toulouse MIN - Fondation ISAE-SUPAERO","isPartOf":{"@id":"https:\/\/fondation-isae-supaero.org\/en\/#website"},"primaryImageOfPage":{"@id":"https:\/\/fondation-isae-supaero.org\/en\/ose-isae-supaero-makes-its-2024-presentation-at-the-toulouse-min\/#primaryimage"},"image":{"@id":"https:\/\/fondation-isae-supaero.org\/en\/ose-isae-supaero-makes-its-2024-presentation-at-the-toulouse-min\/#primaryimage"},"thumbnailUrl":"https:\/\/fondation-isae-supaero.org\/wp-content\/uploads\/2024\/06\/Vignette-Restitution-OSE.jpg","datePublished":"2024-06-10T06:20:09+00:00","dateModified":"2024-06-14T13:38:07+00:00","breadcrumb":{"@id":"https:\/\/fondation-isae-supaero.org\/en\/ose-isae-supaero-makes-its-2024-presentation-at-the-toulouse-min\/#breadcrumb"},"inLanguage":"en-US","potentialAction":[{"@type":"ReadAction","target":["https:\/\/fondation-isae-supaero.org\/en\/ose-isae-supaero-makes-its-2024-presentation-at-the-toulouse-min\/"]}]},{"@type":"ImageObject","inLanguage":"en-US","@id":"https:\/\/fondation-isae-supaero.org\/en\/ose-isae-supaero-makes-its-2024-presentation-at-the-toulouse-min\/#primaryimage","url":"https:\/\/fondation-isae-supaero.org\/wp-content\/uploads\/2024\/06\/Vignette-Restitution-OSE.jpg","contentUrl":"https:\/\/fondation-isae-supaero.org\/wp-content\/uploads\/2024\/06\/Vignette-Restitution-OSE.jpg","width":400,"height":274},{"@type":"BreadcrumbList","@id":"https:\/\/fondation-isae-supaero.org\/en\/ose-isae-supaero-makes-its-2024-presentation-at-the-toulouse-min\/#breadcrumb","itemListElement":[{"@type":"ListItem","position":1,"name":"Accueil","item":"https:\/\/fondation-isae-supaero.org\/en\/"},{"@type":"ListItem","position":2,"name":"OSE ISAE-SUPAERO makes its 2024 presentation at the Toulouse MIN"}]},{"@type":"WebSite","@id":"https:\/\/fondation-isae-supaero.org\/en\/#website","url":"https:\/\/fondation-isae-supaero.org\/en\/","name":"Fondation ISAE-SUPAERO","description":"Pour le soutien de la recherche et l&#039;enseignement sup\u00e9rieur \u00e0 l&#039;Institut Sup\u00e9rieur de l&#039;A\u00e9ronautique et de l&#039;Espace","publisher":{"@id":"https:\/\/fondation-isae-supaero.org\/en\/#organization"},"potentialAction":[{"@type":"SearchAction","target":{"@type":"EntryPoint","urlTemplate":"https:\/\/fondation-isae-supaero.org\/en\/?s={search_term_string}"},"query-input":{"@type":"PropertyValueSpecification","valueRequired":true,"valueName":"search_term_string"}}],"inLanguage":"en-US"},{"@type":"Organization","@id":"https:\/\/fondation-isae-supaero.org\/en\/#organization","name":"Fondation ISAE Supaero","url":"https:\/\/fondation-isae-supaero.org\/en\/","logo":{"@type":"ImageObject","inLanguage":"en-US","@id":"https:\/\/fondation-isae-supaero.org\/en\/#\/schema\/logo\/image\/","url":"https:\/\/fondation-isae-supaero.org\/wp-content\/uploads\/2022\/04\/logo-fondation-ras-293px.svg","contentUrl":"https:\/\/fondation-isae-supaero.org\/wp-content\/uploads\/2022\/04\/logo-fondation-ras-293px.svg","width":294,"height":93,"caption":"Fondation ISAE Supaero"},"image":{"@id":"https:\/\/fondation-isae-supaero.org\/en\/#\/schema\/logo\/image\/"}},{"@type":"Person","@id":"https:\/\/fondation-isae-supaero.org\/en\/#\/schema\/person\/659e41a58ae9f2aeeec7f28007a11310","name":"K\u00e9vin FISAE","image":{"@type":"ImageObject","inLanguage":"en-US","@id":"https:\/\/fondation-isae-supaero.org\/en\/#\/schema\/person\/image\/","url":"https:\/\/secure.gravatar.com\/avatar\/e08769f733c2e144f4da78774a89fc331bd8e0a185b7f043e8f300c58328bcf2?s=96&d=mm&r=g","contentUrl":"https:\/\/secure.gravatar.com\/avatar\/e08769f733c2e144f4da78774a89fc331bd8e0a185b7f043e8f300c58328bcf2?s=96&d=mm&r=g","caption":"K\u00e9vin FISAE"},"sameAs":["http:\/\/Supis"]}]}},"_links":{"self":[{"href":"https:\/\/fondation-isae-supaero.org\/en\/wp-json\/wp\/v2\/posts\/12125","targetHints":{"allow":["GET"]}}],"collection":[{"href":"https:\/\/fondation-isae-supaero.org\/en\/wp-json\/wp\/v2\/posts"}],"about":[{"href":"https:\/\/fondation-isae-supaero.org\/en\/wp-json\/wp\/v2\/types\/post"}],"author":[{"embeddable":true,"href":"https:\/\/fondation-isae-supaero.org\/en\/wp-json\/wp\/v2\/users\/3"}],"replies":[{"embeddable":true,"href":"https:\/\/fondation-isae-supaero.org\/en\/wp-json\/wp\/v2\/comments?post=12125"}],"version-history":[{"count":10,"href":"https:\/\/fondation-isae-supaero.org\/en\/wp-json\/wp\/v2\/posts\/12125\/revisions"}],"predecessor-version":[{"id":12232,"href":"https:\/\/fondation-isae-supaero.org\/en\/wp-json\/wp\/v2\/posts\/12125\/revisions\/12232"}],"wp:featuredmedia":[{"embeddable":true,"href":"https:\/\/fondation-isae-supaero.org\/en\/wp-json\/wp\/v2\/media\/12132"}],"wp:attachment":[{"href":"https:\/\/fondation-isae-supaero.org\/en\/wp-json\/wp\/v2\/media?parent=12125"}],"wp:term":[{"taxonomy":"category","embeddable":true,"href":"https:\/\/fondation-isae-supaero.org\/en\/wp-json\/wp\/v2\/categories?post=12125"},{"taxonomy":"post_tag","embeddable":true,"href":"https:\/\/fondation-isae-supaero.org\/en\/wp-json\/wp\/v2\/tags?post=12125"}],"curies":[{"name":"wp","href":"https:\/\/api.w.org\/{rel}","templated":true}]}}