{"id":8505,"date":"2022-09-14T08:24:04","date_gmt":"2022-09-14T08:24:04","guid":{"rendered":"https:\/\/fondation-isae-supaero.org\/supercam-educational-kit-at-iac\/"},"modified":"2022-09-20T12:48:52","modified_gmt":"2022-09-20T12:48:52","slug":"supercam-educational-kit-at-iac","status":"publish","type":"post","link":"https:\/\/fondation-isae-supaero.org\/en\/supercam-educational-kit-at-iac\/","title":{"rendered":"SUPERCAM educational kit at IAC"},"content":{"rendered":"<p>[et_pb_section fb_built=&#8221;1&#8243; custom_padding_last_edited=&#8221;on|phone&#8221; _builder_version=&#8221;4.14.8&#8243; _module_preset=&#8221;default&#8221; custom_padding=&#8221;6%||6%||true|false&#8221; custom_padding_tablet=&#8221;120px||80px||false|false&#8221; custom_padding_phone=&#8221;120px||50px||false|false&#8221; global_colors_info=&#8221;{}&#8221;][et_pb_row _builder_version=&#8221;4.14.8&#8243; _module_preset=&#8221;default&#8221; global_module=&#8221;2135&#8243; saved_tabs=&#8221;all&#8221; global_colors_info=&#8221;{}&#8221;][et_pb_column type=&#8221;4_4&#8243; _builder_version=&#8221;4.14.8&#8243; _module_preset=&#8221;default&#8221; global_colors_info=&#8221;{}&#8221;][et_pb_text _builder_version=&#8221;4.14.8&#8243; _dynamic_attributes=&#8221;link_option_url&#8221; _module_preset=&#8221;default&#8221; text_font=&#8221;|700||on|||||&#8221; text_text_color=&#8221;gcid-cbcef012-862c-4867-889e-8f8aada6e9fa&#8221; text_font_size=&#8221;16px&#8221; custom_margin=&#8221;||21px|||&#8221; link_option_url=&#8221;@ET-DC@eyJkeW5hbWljIjp0cnVlLCJjb250ZW50IjoicG9zdF9saW5rX3VybF9wYWdlIiwic2V0dGluZ3MiOnsicG9zdF9pZCI6IjI5MCJ9fQ==@&#8221; global_colors_info=&#8221;{%22gcid-cbcef012-862c-4867-889e-8f8aada6e9fa%22:%91%22text_text_color%22%93,%22gcid-e7796924-c5e5-4680-bc39-a63ddcdeea33%22:%91%22text_text_color__hover%22%93}&#8221; text_text_color__hover_enabled=&#8221;on|hover&#8221; text_text_color__hover=&#8221;#122372&#8243;]<\/p>\n<p>&lt; back to articles<\/p>\n<p>[\/et_pb_text][et_pb_post_title meta=&#8221;off&#8221; date_format=&#8221;j M Y&#8221; featured_image=&#8221;off&#8221; module_id=&#8221;titre-article&#8221; _builder_version=&#8221;4.14.8&#8243; _module_preset=&#8221;default&#8221; title_font_size=&#8221;2.8em&#8221; title_line_height=&#8221;0.9em&#8221; meta_font=&#8221;|700|||||||&#8221; meta_text_color=&#8221;gcid-e7796924-c5e5-4680-bc39-a63ddcdeea33&#8243; custom_margin=&#8221;||23px|||&#8221; title_font_size_tablet=&#8221;2.8em&#8221; title_font_size_phone=&#8221;2em&#8221; title_font_size_last_edited=&#8221;on|desktop&#8221; title_line_height_tablet=&#8221;1.1em&#8221; title_line_height_phone=&#8221;1.1em&#8221; title_line_height_last_edited=&#8221;on|tablet&#8221; global_colors_info=&#8221;{%22gcid-e7796924-c5e5-4680-bc39-a63ddcdeea33%22:%91%22meta_text_color%22%93}&#8221;][\/et_pb_post_title][et_pb_text module_class=&#8221;publie&#8221; _builder_version=&#8221;4.14.8&#8243; _module_preset=&#8221;default&#8221; text_font=&#8221;Tiempos Headline Black|800|||||||&#8221; use_background_color_gradient=&#8221;on&#8221; background_color_gradient_start=&#8221;#ffffff&#8221; background_color_gradient_end=&#8221;gcid-c36b81ad-c14e-402f-b5f5-285214bb9288&#8243; background_color_gradient_start_position=&#8221;53%&#8221; background_color_gradient_end_position=&#8221;53%&#8221; module_alignment=&#8221;left&#8221; custom_padding=&#8221;|5px||4px|false|false&#8221; custom_css_main_element=&#8221;display: inline-block;||max-width:max-content;&#8221; global_colors_info=&#8221;{%22gcid-c36b81ad-c14e-402f-b5f5-285214bb9288%22:%91%22colorEnd%22%93}&#8221;]<\/p>\n<p>Published on<\/p>\n<p>[\/et_pb_text][et_pb_post_title title=&#8221;off&#8221; author=&#8221;off&#8221; date_format=&#8221;j M Y&#8221; categories=&#8221;off&#8221; comments=&#8221;off&#8221; featured_image=&#8221;off&#8221; _builder_version=&#8221;4.14.8&#8243; _module_preset=&#8221;default&#8221; title_font_size=&#8221;2.8em&#8221; title_line_height=&#8221;0.9em&#8221; meta_font=&#8221;Tiempos Headline Black|800|||||||&#8221; meta_text_color=&#8221;gcid-e7796924-c5e5-4680-bc39-a63ddcdeea33&#8243; use_background_color_gradient=&#8221;on&#8221; background_color_gradient_start=&#8221;#ffffff&#8221; background_color_gradient_end=&#8221;gcid-c36b81ad-c14e-402f-b5f5-285214bb9288&#8243; background_color_gradient_start_position=&#8221;53%&#8221; background_color_gradient_end_position=&#8221;53%&#8221; custom_padding=&#8221;|5px|||false|false&#8221; title_font_size_tablet=&#8221;2.8em&#8221; title_font_size_phone=&#8221;2em&#8221; title_font_size_last_edited=&#8221;on|desktop&#8221; custom_css_main_element=&#8221;display: inline-block;||max-width:max-content;&#8221; global_colors_info=&#8221;{%22gcid-e7796924-c5e5-4680-bc39-a63ddcdeea33%22:%91%22meta_text_color%22%93,%22gcid-c36b81ad-c14e-402f-b5f5-285214bb9288%22:%91%22colorEnd%22%93}&#8221;][\/et_pb_post_title][\/et_pb_column][\/et_pb_row][et_pb_row column_structure=&#8221;1_2,1_2&#8243; use_custom_gutter=&#8221;on&#8221; gutter_width=&#8221;1&#8243; make_equal=&#8221;on&#8221; _builder_version=&#8221;4.14.8&#8243; _module_preset=&#8221;default&#8221; custom_css_main_element=&#8221;align-items:center;&#8221; global_colors_info=&#8221;{}&#8221;][et_pb_column type=&#8221;1_2&#8243; _builder_version=&#8221;4.14.8&#8243; _module_preset=&#8221;default&#8221; custom_padding=&#8221;|8%|||false|false&#8221; custom_padding_tablet=&#8221;|0%|||false|false&#8221; custom_padding_phone=&#8221;|0%|||false|false&#8221; custom_padding_last_edited=&#8221;on|tablet&#8221; global_colors_info=&#8221;{}&#8221;][et_pb_text _builder_version=&#8221;4.14.8&#8243; _module_preset=&#8221;default&#8221; max_width_tablet=&#8221;100%&#8221; max_width_phone=&#8221;100%&#8221; max_width_last_edited=&#8221;on|tablet&#8221; module_alignment=&#8221;left&#8221; custom_margin=&#8221;||32px|||&#8221; global_colors_info=&#8221;{}&#8221;]<\/p>\n<p>As the 73rd International Astronautical Congress (IAC) is fast approaching and will take place from September 18 to 22, the Cord\u00e9e de la R\u00e9ussite OSE l&#8217;ISAE-SUPAERO will take part in a very special day on September 17&#8230; where the SUPERCAM teaching kit, which will be launched in October 2021, will be able to prove its worth during a training session dedicated to secondary school teachers.<\/p>\n<p>#SuperCam #SpaceExploration<\/p>\n<p>[\/et_pb_text][\/et_pb_column][et_pb_column type=&#8221;1_2&#8243; _builder_version=&#8221;4.14.8&#8243; _module_preset=&#8221;default&#8221; global_colors_info=&#8221;{}&#8221;][et_pb_image src=&#8221;https:\/\/fondation-isae-supaero.org\/wp-content\/uploads\/2022\/09\/HEADER_PAGES_ne-pas-supprimer_bis-_600-\u00d7-415-px_-_5_.webp&#8221; align=&#8221;right&#8221; force_fullwidth=&#8221;on&#8221; align_tablet=&#8221;left&#8221; align_phone=&#8221;left&#8221; align_last_edited=&#8221;on|tablet&#8221; module_class=&#8221;left-t&#8221; _builder_version=&#8221;4.14.8&#8243; _module_preset=&#8221;default&#8221; background_enable_image=&#8221;off&#8221; background_size=&#8221;initial&#8221; background_position=&#8221;top_left&#8221; z_index=&#8221;0&#8243; custom_margin=&#8221;||||false|false&#8221; custom_margin_tablet=&#8221;20px||||false|false&#8221; custom_margin_phone=&#8221;20px||||false|false&#8221; custom_margin_last_edited=&#8221;on|tablet&#8221; global_colors_info=&#8221;{}&#8221;][\/et_pb_image][\/et_pb_column][\/et_pb_row][\/et_pb_section][et_pb_section fb_built=&#8221;1&#8243; custom_padding_last_edited=&#8221;on|tablet&#8221; _builder_version=&#8221;4.14.8&#8243; _module_preset=&#8221;default&#8221; background_enable_color=&#8221;on&#8221; background_image=&#8221;http:\/\/fondation-isae-supaero.org\/wp-content\/uploads\/2022\/03\/pointilles.svg&#8221; background_size=&#8221;initial&#8221; background_repeat=&#8221;repeat-y&#8221; custom_padding=&#8221;100px||100px||true|false&#8221; custom_padding_tablet=&#8221;80px||80px||true|false&#8221; custom_padding_phone=&#8221;80px||80px||true|false&#8221; global_colors_info=&#8221;{%22gcid-c36b81ad-c14e-402f-b5f5-285214bb9288%22:%91%22background_color%22%93}&#8221;][et_pb_row _builder_version=&#8221;4.14.8&#8243; _module_preset=&#8221;default&#8221; global_colors_info=&#8221;{}&#8221;][et_pb_column type=&#8221;4_4&#8243; _builder_version=&#8221;4.14.8&#8243; _module_preset=&#8221;default&#8221; global_colors_info=&#8221;{}&#8221;][et_pb_text _builder_version=&#8221;4.14.8&#8243; _module_preset=&#8221;a31fb28a-5b8a-4aa6-8c5c-dd6c124d89a6&#8243; custom_margin=&#8221;||29px|||&#8221; global_colors_info=&#8221;{}&#8221;]<\/p>\n<h2>An educational day dedicated to science and space exploration<\/h2>\n<p>[\/et_pb_text][\/et_pb_column][\/et_pb_row][et_pb_row column_structure=&#8221;1_2,1_2&#8243; _builder_version=&#8221;4.14.8&#8243; _module_preset=&#8221;default&#8221; global_colors_info=&#8221;{}&#8221;][et_pb_column type=&#8221;1_2&#8243; _builder_version=&#8221;4.14.8&#8243; _module_preset=&#8221;default&#8221; global_colors_info=&#8221;{}&#8221;][et_pb_text _builder_version=&#8221;4.14.8&#8243; _module_preset=&#8221;default&#8221; global_colors_info=&#8221;{}&#8221;]<\/p>\n<p>In collaboration with the ISEB (International Space Education Board), chaired this year by the Canadian Space Agency, CNES offers two educational days on September 17 and 21 to bring more space into the classroom! <\/p>\n<p>[\/et_pb_text][\/et_pb_column][et_pb_column type=&#8221;1_2&#8243; _builder_version=&#8221;4.14.8&#8243; _module_preset=&#8221;default&#8221; global_colors_info=&#8221;{}&#8221;][et_pb_text _builder_version=&#8221;4.14.8&#8243; _module_preset=&#8221;default&#8221; global_colors_info=&#8221;{}&#8221;]<\/p>\n<p>Of the two days of training planned, one will focus on Physics-Chemistry, Mathematics, Technology, Engineering Sciences, Earth Sciences and History-Geography. <\/p>\n<p>[\/et_pb_text][\/et_pb_column][\/et_pb_row][\/et_pb_section][et_pb_section fb_built=&#8221;1&#8243; custom_padding_last_edited=&#8221;on|tablet&#8221; _builder_version=&#8221;4.14.8&#8243; _module_preset=&#8221;default&#8221; background_image=&#8221;http:\/\/fondation-isae-supaero.org\/wp-content\/uploads\/2022\/03\/pointilles.svg&#8221; background_size=&#8221;initial&#8221; background_repeat=&#8221;repeat-y&#8221; custom_margin=&#8221;100px||100px||false|false&#8221; custom_padding=&#8221;0%||0px||false|false&#8221; custom_padding_tablet=&#8221;0%||30px||false|false&#8221; custom_padding_phone=&#8221;0%||30px||false|false&#8221; global_colors_info=&#8221;{}&#8221;][et_pb_row _builder_version=&#8221;4.14.8&#8243; _module_preset=&#8221;default&#8221; custom_margin_tablet=&#8221;&#8221; custom_margin_phone=&#8221;||0px||false|false&#8221; custom_margin_last_edited=&#8221;on|phone&#8221; global_colors_info=&#8221;{}&#8221;][et_pb_column type=&#8221;4_4&#8243; _builder_version=&#8221;4.14.8&#8243; _module_preset=&#8221;default&#8221; global_colors_info=&#8221;{}&#8221;][et_pb_text _builder_version=&#8221;4.14.8&#8243; _module_preset=&#8221;a31fb28a-5b8a-4aa6-8c5c-dd6c124d89a6&#8243; max_width=&#8221;600px&#8221; max_width_tablet=&#8221;100%&#8221; max_width_phone=&#8221;100%&#8221; max_width_last_edited=&#8221;on|tablet&#8221; custom_margin=&#8221;||23px|||&#8221; global_colors_info=&#8221;{}&#8221;]<\/p>\n<h2>The SUPERCAM educational kit, a concentrate of information to understand the Martian exploration<\/h2>\n<p>[\/et_pb_text][et_pb_text _builder_version=&#8221;4.14.8&#8243; _module_preset=&#8221;default&#8221; hover_enabled=&#8221;0&#8243; global_colors_info=&#8221;{}&#8221; sticky_enabled=&#8221;0&#8243;]Developed within the framework of the Cord\u00e9e de la r\u00e9ussite &#8220;. <a href=\"https:\/\/fondation-isae-supaero.org\/en\/ose-isae-supaero\/\"><strong>OSE the ISAE-SUPAERO<\/strong><\/a> &#8220;This project is the result of a collaboration between engineering students, teachers from partner high schools, engineers, professors and researchers from CNES, ISAE-SUPAERO, CNRS and the University of Toulouse III &#8211; Paul Sabatier, and mediators from the SPACE CITY.<\/p>\n<p>Launched under the impulse of <strong>Sylvestre Maurice<\/strong>, astrophysicist at the Institut de Recherche en Astrophysique et Plan\u00e9tologie, this real <a href=\"https:\/\/fondation-isae-supaero.org\/lancement-de-la-mallette-pedagogique-by-ose-lisae-supaero\/\">pedagogical toolbox<\/a> is intended for high school teachers who will be able to find exercises, experiments, tutorials, quizzes, photos, videos and interactive presentations on the major themes of space exploration.<\/p>\n<p><strong>On September 17, high school teachers who want to introduce space science and technology into their classrooms will be able to attend two sessions during the day, including the morning session dedicated to space exploration.<\/strong><\/p>\n<p><span style=\"color: #00aaff;\"><strong>4 students from ISAE-SUPAERO accompanied by teachers from partner institutions will be able to train teachers from other academies. This training is organized in collaboration with the Rectorat de Toulouse.<\/strong><\/span><\/p>\n<p><strong>The workshops will be based on the resources of the Martian kit recently developed by the CNES Youth Education Department in partnership with the Cord\u00e9e OSE of ISAE-SUPAERO. On the program, activities around Ingenuity as well as scratch programming of Martian robot trajectories.<\/strong><\/p>\n<p>&nbsp;<\/p>\n<p>Program and registration form <a href=\"https:\/\/iseb2022.fr\/\">to be found here<\/a> and on the <a href=\"https:\/\/enseignants-mediateurs.cnes.fr\/fr\/leducation-sinvite-liac\">CNES website<\/a>[\/et_pb_text][\/et_pb_column][\/et_pb_row][\/et_pb_section]<\/p>\n","protected":false},"excerpt":{"rendered":"<p>As the 73rd International Astronautical Congress (IAC) is fast approaching and will take place from September 18 to 22, the Cord\u00e9e de la R\u00e9ussite OSE l&#8217;ISAE-SUPAERO will take part in a very special day on September 17&#8230; where the SUPERCAM teaching kit, which will be launched in October 2021, will be able to prove its worth during a training session dedicated to secondary school teachers. <\/p>\n","protected":false},"author":3,"featured_media":8506,"comment_status":"open","ping_status":"open","sticky":false,"template":"","format":"standard","meta":{"_acf_changed":false,"_et_pb_use_builder":"on","_et_pb_old_content":"","_et_gb_content_width":"","footnotes":""},"categories":[66,71],"tags":[],"class_list":["post-8505","post","type-post","status-publish","format-standard","has-post-thumbnail","hentry","category-news","category-ose-isae-supaero-en"],"acf":[],"yoast_head":"<!-- This site is optimized with the Yoast SEO plugin v26.6 - https:\/\/yoast.com\/wordpress\/plugins\/seo\/ -->\n<title>SUPERCAM educational kit at IAC - Fondation ISAE-SUPAERO<\/title>\n<meta name=\"description\" content=\"As the 73rd International Astronautical Congress (IAC) is fast approaching and will take place from September 18 to 22, the Cord\u00e9e de la R\u00e9ussite OSE l&#039;ISAE-SUPAERO will take part in a very special day on September 17... where the SUPERCAM teaching kit, which will be launched in October 2021, will be able to prove its worth during a training session dedicated to secondary school teachers.\" \/>\n<meta name=\"robots\" content=\"index, follow, max-snippet:-1, max-image-preview:large, max-video-preview:-1\" \/>\n<link rel=\"canonical\" href=\"https:\/\/fondation-isae-supaero.org\/en\/supercam-educational-kit-at-iac\/\" \/>\n<meta property=\"og:locale\" content=\"en_US\" \/>\n<meta property=\"og:type\" content=\"article\" \/>\n<meta property=\"og:title\" content=\"SUPERCAM educational kit at IAC - Fondation ISAE-SUPAERO\" \/>\n<meta property=\"og:description\" content=\"As the 73rd International Astronautical Congress (IAC) is fast approaching and will take place from September 18 to 22, the Cord\u00e9e de la R\u00e9ussite OSE l&#039;ISAE-SUPAERO will take part in a very special day on September 17... where the SUPERCAM teaching kit, which will be launched in October 2021, will be able to prove its worth during a training session dedicated to secondary school teachers.\" \/>\n<meta property=\"og:url\" content=\"https:\/\/fondation-isae-supaero.org\/en\/supercam-educational-kit-at-iac\/\" \/>\n<meta property=\"og:site_name\" content=\"Fondation ISAE-SUPAERO\" \/>\n<meta property=\"article:published_time\" content=\"2022-09-14T08:24:04+00:00\" \/>\n<meta property=\"article:modified_time\" content=\"2022-09-20T12:48:52+00:00\" \/>\n<meta property=\"og:image\" content=\"https:\/\/fondation-isae-supaero.org\/wp-content\/uploads\/2022\/09\/VIGNETTES_reportage_ne-pas-supprimer-_5_.webp\" \/>\n\t<meta property=\"og:image:width\" content=\"465\" \/>\n\t<meta property=\"og:image:height\" content=\"350\" \/>\n\t<meta property=\"og:image:type\" content=\"image\/webp\" \/>\n<meta name=\"author\" content=\"K\u00e9vin FISAE\" \/>\n<meta name=\"twitter:card\" content=\"summary_large_image\" \/>\n<meta name=\"twitter:label1\" content=\"Written by\" \/>\n\t<meta name=\"twitter:data1\" content=\"K\u00e9vin FISAE\" \/>\n\t<meta name=\"twitter:label2\" content=\"Est. reading time\" \/>\n\t<meta name=\"twitter:data2\" content=\"7 minutes\" \/>\n<script type=\"application\/ld+json\" class=\"yoast-schema-graph\">{\"@context\":\"https:\/\/schema.org\",\"@graph\":[{\"@type\":\"Article\",\"@id\":\"https:\/\/fondation-isae-supaero.org\/en\/supercam-educational-kit-at-iac\/#article\",\"isPartOf\":{\"@id\":\"https:\/\/fondation-isae-supaero.org\/en\/supercam-educational-kit-at-iac\/\"},\"author\":{\"name\":\"K\u00e9vin FISAE\",\"@id\":\"https:\/\/fondation-isae-supaero.org\/en\/#\/schema\/person\/659e41a58ae9f2aeeec7f28007a11310\"},\"headline\":\"SUPERCAM educational kit at IAC\",\"datePublished\":\"2022-09-14T08:24:04+00:00\",\"dateModified\":\"2022-09-20T12:48:52+00:00\",\"mainEntityOfPage\":{\"@id\":\"https:\/\/fondation-isae-supaero.org\/en\/supercam-educational-kit-at-iac\/\"},\"wordCount\":1422,\"commentCount\":0,\"publisher\":{\"@id\":\"https:\/\/fondation-isae-supaero.org\/en\/#organization\"},\"image\":{\"@id\":\"https:\/\/fondation-isae-supaero.org\/en\/supercam-educational-kit-at-iac\/#primaryimage\"},\"thumbnailUrl\":\"https:\/\/fondation-isae-supaero.org\/wp-content\/uploads\/2022\/09\/VIGNETTES_reportage_ne-pas-supprimer-_5_.webp\",\"articleSection\":[\"News\",\"OSE ISAE-SUPAERO\"],\"inLanguage\":\"en-US\",\"potentialAction\":[{\"@type\":\"CommentAction\",\"name\":\"Comment\",\"target\":[\"https:\/\/fondation-isae-supaero.org\/en\/supercam-educational-kit-at-iac\/#respond\"]}]},{\"@type\":\"WebPage\",\"@id\":\"https:\/\/fondation-isae-supaero.org\/en\/supercam-educational-kit-at-iac\/\",\"url\":\"https:\/\/fondation-isae-supaero.org\/en\/supercam-educational-kit-at-iac\/\",\"name\":\"SUPERCAM educational kit at IAC - Fondation ISAE-SUPAERO\",\"isPartOf\":{\"@id\":\"https:\/\/fondation-isae-supaero.org\/en\/#website\"},\"primaryImageOfPage\":{\"@id\":\"https:\/\/fondation-isae-supaero.org\/en\/supercam-educational-kit-at-iac\/#primaryimage\"},\"image\":{\"@id\":\"https:\/\/fondation-isae-supaero.org\/en\/supercam-educational-kit-at-iac\/#primaryimage\"},\"thumbnailUrl\":\"https:\/\/fondation-isae-supaero.org\/wp-content\/uploads\/2022\/09\/VIGNETTES_reportage_ne-pas-supprimer-_5_.webp\",\"datePublished\":\"2022-09-14T08:24:04+00:00\",\"dateModified\":\"2022-09-20T12:48:52+00:00\",\"description\":\"As the 73rd International Astronautical Congress (IAC) is fast approaching and will take place from September 18 to 22, the Cord\u00e9e de la R\u00e9ussite OSE l'ISAE-SUPAERO will take part in a very special day on September 17... where the SUPERCAM teaching kit, which will be launched in October 2021, will be able to prove its worth during a training session dedicated to secondary school teachers.\",\"breadcrumb\":{\"@id\":\"https:\/\/fondation-isae-supaero.org\/en\/supercam-educational-kit-at-iac\/#breadcrumb\"},\"inLanguage\":\"en-US\",\"potentialAction\":[{\"@type\":\"ReadAction\",\"target\":[\"https:\/\/fondation-isae-supaero.org\/en\/supercam-educational-kit-at-iac\/\"]}]},{\"@type\":\"ImageObject\",\"inLanguage\":\"en-US\",\"@id\":\"https:\/\/fondation-isae-supaero.org\/en\/supercam-educational-kit-at-iac\/#primaryimage\",\"url\":\"https:\/\/fondation-isae-supaero.org\/wp-content\/uploads\/2022\/09\/VIGNETTES_reportage_ne-pas-supprimer-_5_.webp\",\"contentUrl\":\"https:\/\/fondation-isae-supaero.org\/wp-content\/uploads\/2022\/09\/VIGNETTES_reportage_ne-pas-supprimer-_5_.webp\",\"width\":465,\"height\":350},{\"@type\":\"BreadcrumbList\",\"@id\":\"https:\/\/fondation-isae-supaero.org\/en\/supercam-educational-kit-at-iac\/#breadcrumb\",\"itemListElement\":[{\"@type\":\"ListItem\",\"position\":1,\"name\":\"Accueil\",\"item\":\"https:\/\/fondation-isae-supaero.org\/en\/\"},{\"@type\":\"ListItem\",\"position\":2,\"name\":\"SUPERCAM educational kit at IAC\"}]},{\"@type\":\"WebSite\",\"@id\":\"https:\/\/fondation-isae-supaero.org\/en\/#website\",\"url\":\"https:\/\/fondation-isae-supaero.org\/en\/\",\"name\":\"Fondation ISAE-SUPAERO\",\"description\":\"Pour le soutien de la recherche et l&#039;enseignement sup\u00e9rieur \u00e0 l&#039;Institut Sup\u00e9rieur de l&#039;A\u00e9ronautique et de l&#039;Espace\",\"publisher\":{\"@id\":\"https:\/\/fondation-isae-supaero.org\/en\/#organization\"},\"potentialAction\":[{\"@type\":\"SearchAction\",\"target\":{\"@type\":\"EntryPoint\",\"urlTemplate\":\"https:\/\/fondation-isae-supaero.org\/en\/?s={search_term_string}\"},\"query-input\":{\"@type\":\"PropertyValueSpecification\",\"valueRequired\":true,\"valueName\":\"search_term_string\"}}],\"inLanguage\":\"en-US\"},{\"@type\":\"Organization\",\"@id\":\"https:\/\/fondation-isae-supaero.org\/en\/#organization\",\"name\":\"Fondation ISAE Supaero\",\"url\":\"https:\/\/fondation-isae-supaero.org\/en\/\",\"logo\":{\"@type\":\"ImageObject\",\"inLanguage\":\"en-US\",\"@id\":\"https:\/\/fondation-isae-supaero.org\/en\/#\/schema\/logo\/image\/\",\"url\":\"https:\/\/fondation-isae-supaero.org\/wp-content\/uploads\/2022\/04\/logo-fondation-ras-293px.svg\",\"contentUrl\":\"https:\/\/fondation-isae-supaero.org\/wp-content\/uploads\/2022\/04\/logo-fondation-ras-293px.svg\",\"width\":294,\"height\":93,\"caption\":\"Fondation ISAE Supaero\"},\"image\":{\"@id\":\"https:\/\/fondation-isae-supaero.org\/en\/#\/schema\/logo\/image\/\"}},{\"@type\":\"Person\",\"@id\":\"https:\/\/fondation-isae-supaero.org\/en\/#\/schema\/person\/659e41a58ae9f2aeeec7f28007a11310\",\"name\":\"K\u00e9vin FISAE\",\"image\":{\"@type\":\"ImageObject\",\"inLanguage\":\"en-US\",\"@id\":\"https:\/\/fondation-isae-supaero.org\/en\/#\/schema\/person\/image\/\",\"url\":\"https:\/\/secure.gravatar.com\/avatar\/e08769f733c2e144f4da78774a89fc331bd8e0a185b7f043e8f300c58328bcf2?s=96&d=mm&r=g\",\"contentUrl\":\"https:\/\/secure.gravatar.com\/avatar\/e08769f733c2e144f4da78774a89fc331bd8e0a185b7f043e8f300c58328bcf2?s=96&d=mm&r=g\",\"caption\":\"K\u00e9vin FISAE\"},\"sameAs\":[\"http:\/\/Supis\"]}]}<\/script>\n<!-- \/ Yoast SEO plugin. -->","yoast_head_json":{"title":"SUPERCAM educational kit at IAC - Fondation ISAE-SUPAERO","description":"As the 73rd International Astronautical Congress (IAC) is fast approaching and will take place from September 18 to 22, the Cord\u00e9e de la R\u00e9ussite OSE l'ISAE-SUPAERO will take part in a very special day on September 17... where the SUPERCAM teaching kit, which will be launched in October 2021, will be able to prove its worth during a training session dedicated to secondary school teachers.","robots":{"index":"index","follow":"follow","max-snippet":"max-snippet:-1","max-image-preview":"max-image-preview:large","max-video-preview":"max-video-preview:-1"},"canonical":"https:\/\/fondation-isae-supaero.org\/en\/supercam-educational-kit-at-iac\/","og_locale":"en_US","og_type":"article","og_title":"SUPERCAM educational kit at IAC - Fondation ISAE-SUPAERO","og_description":"As the 73rd International Astronautical Congress (IAC) is fast approaching and will take place from September 18 to 22, the Cord\u00e9e de la R\u00e9ussite OSE l'ISAE-SUPAERO will take part in a very special day on September 17... where the SUPERCAM teaching kit, which will be launched in October 2021, will be able to prove its worth during a training session dedicated to secondary school teachers.","og_url":"https:\/\/fondation-isae-supaero.org\/en\/supercam-educational-kit-at-iac\/","og_site_name":"Fondation ISAE-SUPAERO","article_published_time":"2022-09-14T08:24:04+00:00","article_modified_time":"2022-09-20T12:48:52+00:00","og_image":[{"width":465,"height":350,"url":"https:\/\/fondation-isae-supaero.org\/wp-content\/uploads\/2022\/09\/VIGNETTES_reportage_ne-pas-supprimer-_5_.webp","type":"image\/webp"}],"author":"K\u00e9vin FISAE","twitter_card":"summary_large_image","twitter_misc":{"Written by":"K\u00e9vin FISAE","Est. reading time":"7 minutes"},"schema":{"@context":"https:\/\/schema.org","@graph":[{"@type":"Article","@id":"https:\/\/fondation-isae-supaero.org\/en\/supercam-educational-kit-at-iac\/#article","isPartOf":{"@id":"https:\/\/fondation-isae-supaero.org\/en\/supercam-educational-kit-at-iac\/"},"author":{"name":"K\u00e9vin FISAE","@id":"https:\/\/fondation-isae-supaero.org\/en\/#\/schema\/person\/659e41a58ae9f2aeeec7f28007a11310"},"headline":"SUPERCAM educational kit at IAC","datePublished":"2022-09-14T08:24:04+00:00","dateModified":"2022-09-20T12:48:52+00:00","mainEntityOfPage":{"@id":"https:\/\/fondation-isae-supaero.org\/en\/supercam-educational-kit-at-iac\/"},"wordCount":1422,"commentCount":0,"publisher":{"@id":"https:\/\/fondation-isae-supaero.org\/en\/#organization"},"image":{"@id":"https:\/\/fondation-isae-supaero.org\/en\/supercam-educational-kit-at-iac\/#primaryimage"},"thumbnailUrl":"https:\/\/fondation-isae-supaero.org\/wp-content\/uploads\/2022\/09\/VIGNETTES_reportage_ne-pas-supprimer-_5_.webp","articleSection":["News","OSE ISAE-SUPAERO"],"inLanguage":"en-US","potentialAction":[{"@type":"CommentAction","name":"Comment","target":["https:\/\/fondation-isae-supaero.org\/en\/supercam-educational-kit-at-iac\/#respond"]}]},{"@type":"WebPage","@id":"https:\/\/fondation-isae-supaero.org\/en\/supercam-educational-kit-at-iac\/","url":"https:\/\/fondation-isae-supaero.org\/en\/supercam-educational-kit-at-iac\/","name":"SUPERCAM educational kit at IAC - Fondation ISAE-SUPAERO","isPartOf":{"@id":"https:\/\/fondation-isae-supaero.org\/en\/#website"},"primaryImageOfPage":{"@id":"https:\/\/fondation-isae-supaero.org\/en\/supercam-educational-kit-at-iac\/#primaryimage"},"image":{"@id":"https:\/\/fondation-isae-supaero.org\/en\/supercam-educational-kit-at-iac\/#primaryimage"},"thumbnailUrl":"https:\/\/fondation-isae-supaero.org\/wp-content\/uploads\/2022\/09\/VIGNETTES_reportage_ne-pas-supprimer-_5_.webp","datePublished":"2022-09-14T08:24:04+00:00","dateModified":"2022-09-20T12:48:52+00:00","description":"As the 73rd International Astronautical Congress (IAC) is fast approaching and will take place from September 18 to 22, the Cord\u00e9e de la R\u00e9ussite OSE l'ISAE-SUPAERO will take part in a very special day on September 17... where the SUPERCAM teaching kit, which will be launched in October 2021, will be able to prove its worth during a training session dedicated to secondary school teachers.","breadcrumb":{"@id":"https:\/\/fondation-isae-supaero.org\/en\/supercam-educational-kit-at-iac\/#breadcrumb"},"inLanguage":"en-US","potentialAction":[{"@type":"ReadAction","target":["https:\/\/fondation-isae-supaero.org\/en\/supercam-educational-kit-at-iac\/"]}]},{"@type":"ImageObject","inLanguage":"en-US","@id":"https:\/\/fondation-isae-supaero.org\/en\/supercam-educational-kit-at-iac\/#primaryimage","url":"https:\/\/fondation-isae-supaero.org\/wp-content\/uploads\/2022\/09\/VIGNETTES_reportage_ne-pas-supprimer-_5_.webp","contentUrl":"https:\/\/fondation-isae-supaero.org\/wp-content\/uploads\/2022\/09\/VIGNETTES_reportage_ne-pas-supprimer-_5_.webp","width":465,"height":350},{"@type":"BreadcrumbList","@id":"https:\/\/fondation-isae-supaero.org\/en\/supercam-educational-kit-at-iac\/#breadcrumb","itemListElement":[{"@type":"ListItem","position":1,"name":"Accueil","item":"https:\/\/fondation-isae-supaero.org\/en\/"},{"@type":"ListItem","position":2,"name":"SUPERCAM educational kit at IAC"}]},{"@type":"WebSite","@id":"https:\/\/fondation-isae-supaero.org\/en\/#website","url":"https:\/\/fondation-isae-supaero.org\/en\/","name":"Fondation ISAE-SUPAERO","description":"Pour le soutien de la recherche et l&#039;enseignement sup\u00e9rieur \u00e0 l&#039;Institut Sup\u00e9rieur de l&#039;A\u00e9ronautique et de l&#039;Espace","publisher":{"@id":"https:\/\/fondation-isae-supaero.org\/en\/#organization"},"potentialAction":[{"@type":"SearchAction","target":{"@type":"EntryPoint","urlTemplate":"https:\/\/fondation-isae-supaero.org\/en\/?s={search_term_string}"},"query-input":{"@type":"PropertyValueSpecification","valueRequired":true,"valueName":"search_term_string"}}],"inLanguage":"en-US"},{"@type":"Organization","@id":"https:\/\/fondation-isae-supaero.org\/en\/#organization","name":"Fondation ISAE Supaero","url":"https:\/\/fondation-isae-supaero.org\/en\/","logo":{"@type":"ImageObject","inLanguage":"en-US","@id":"https:\/\/fondation-isae-supaero.org\/en\/#\/schema\/logo\/image\/","url":"https:\/\/fondation-isae-supaero.org\/wp-content\/uploads\/2022\/04\/logo-fondation-ras-293px.svg","contentUrl":"https:\/\/fondation-isae-supaero.org\/wp-content\/uploads\/2022\/04\/logo-fondation-ras-293px.svg","width":294,"height":93,"caption":"Fondation ISAE Supaero"},"image":{"@id":"https:\/\/fondation-isae-supaero.org\/en\/#\/schema\/logo\/image\/"}},{"@type":"Person","@id":"https:\/\/fondation-isae-supaero.org\/en\/#\/schema\/person\/659e41a58ae9f2aeeec7f28007a11310","name":"K\u00e9vin FISAE","image":{"@type":"ImageObject","inLanguage":"en-US","@id":"https:\/\/fondation-isae-supaero.org\/en\/#\/schema\/person\/image\/","url":"https:\/\/secure.gravatar.com\/avatar\/e08769f733c2e144f4da78774a89fc331bd8e0a185b7f043e8f300c58328bcf2?s=96&d=mm&r=g","contentUrl":"https:\/\/secure.gravatar.com\/avatar\/e08769f733c2e144f4da78774a89fc331bd8e0a185b7f043e8f300c58328bcf2?s=96&d=mm&r=g","caption":"K\u00e9vin FISAE"},"sameAs":["http:\/\/Supis"]}]}},"_links":{"self":[{"href":"https:\/\/fondation-isae-supaero.org\/en\/wp-json\/wp\/v2\/posts\/8505","targetHints":{"allow":["GET"]}}],"collection":[{"href":"https:\/\/fondation-isae-supaero.org\/en\/wp-json\/wp\/v2\/posts"}],"about":[{"href":"https:\/\/fondation-isae-supaero.org\/en\/wp-json\/wp\/v2\/types\/post"}],"author":[{"embeddable":true,"href":"https:\/\/fondation-isae-supaero.org\/en\/wp-json\/wp\/v2\/users\/3"}],"replies":[{"embeddable":true,"href":"https:\/\/fondation-isae-supaero.org\/en\/wp-json\/wp\/v2\/comments?post=8505"}],"version-history":[{"count":4,"href":"https:\/\/fondation-isae-supaero.org\/en\/wp-json\/wp\/v2\/posts\/8505\/revisions"}],"predecessor-version":[{"id":8602,"href":"https:\/\/fondation-isae-supaero.org\/en\/wp-json\/wp\/v2\/posts\/8505\/revisions\/8602"}],"wp:featuredmedia":[{"embeddable":true,"href":"https:\/\/fondation-isae-supaero.org\/en\/wp-json\/wp\/v2\/media\/8506"}],"wp:attachment":[{"href":"https:\/\/fondation-isae-supaero.org\/en\/wp-json\/wp\/v2\/media?parent=8505"}],"wp:term":[{"taxonomy":"category","embeddable":true,"href":"https:\/\/fondation-isae-supaero.org\/en\/wp-json\/wp\/v2\/categories?post=8505"},{"taxonomy":"post_tag","embeddable":true,"href":"https:\/\/fondation-isae-supaero.org\/en\/wp-json\/wp\/v2\/tags?post=8505"}],"curies":[{"name":"wp","href":"https:\/\/api.w.org\/{rel}","templated":true}]}}