{"id":8721,"date":"2022-10-07T11:24:35","date_gmt":"2022-10-07T11:24:35","guid":{"rendered":"https:\/\/fondation-isae-supaero.org\/inauguration-of-the-isae-supaero-aerotheque-two-names-take-place-in-the-building-thanks-to-the-naming\/"},"modified":"2022-10-11T12:43:03","modified_gmt":"2022-10-11T12:43:03","slug":"inauguration-of-the-isae-supaero-aerotheque-two-names-take-place-in-the-building-thanks-to-the-naming","status":"publish","type":"post","link":"https:\/\/fondation-isae-supaero.org\/en\/inauguration-of-the-isae-supaero-aerotheque-two-names-take-place-in-the-building-thanks-to-the-naming\/","title":{"rendered":"Inauguration of the ISAE-SUPAERO Aeroth\u00e8que, two names take place in the building thanks to the Naming"},"content":{"rendered":"<p>[et_pb_section fb_built=&#8221;1&#8243; custom_padding_last_edited=&#8221;on|phone&#8221; _builder_version=&#8221;4.14.8&#8243; _module_preset=&#8221;default&#8221; custom_padding=&#8221;6%||6%||true|false&#8221; custom_padding_tablet=&#8221;120px||80px||false|false&#8221; custom_padding_phone=&#8221;120px||50px||false|false&#8221; global_colors_info=&#8221;{}&#8221;][et_pb_row _builder_version=&#8221;4.14.8&#8243; _module_preset=&#8221;default&#8221; global_module=&#8221;2135&#8243; saved_tabs=&#8221;all&#8221; global_colors_info=&#8221;{}&#8221;][et_pb_column type=&#8221;4_4&#8243; _builder_version=&#8221;4.14.8&#8243; _module_preset=&#8221;default&#8221; global_colors_info=&#8221;{}&#8221;][et_pb_text _builder_version=&#8221;4.14.8&#8243; _dynamic_attributes=&#8221;link_option_url&#8221; _module_preset=&#8221;default&#8221; text_font=&#8221;|700||on|||||&#8221; text_text_color=&#8221;gcid-cbcef012-862c-4867-889e-8f8aada6e9fa&#8221; text_font_size=&#8221;16px&#8221; custom_margin=&#8221;||21px|||&#8221; link_option_url=&#8221;@ET-DC@eyJkeW5hbWljIjp0cnVlLCJjb250ZW50IjoicG9zdF9saW5rX3VybF9wYWdlIiwic2V0dGluZ3MiOnsicG9zdF9pZCI6IjI5MCJ9fQ==@&#8221; global_colors_info=&#8221;{%22gcid-cbcef012-862c-4867-889e-8f8aada6e9fa%22:%91%22text_text_color%22%93,%22gcid-e7796924-c5e5-4680-bc39-a63ddcdeea33%22:%91%22text_text_color__hover%22%93}&#8221; text_text_color__hover_enabled=&#8221;on|hover&#8221; text_text_color__hover=&#8221;#122372&#8243;]<\/p>\n<p>&lt; back to articles<\/p>\n<p>[\/et_pb_text][et_pb_post_title meta=&#8221;off&#8221; date_format=&#8221;j M Y&#8221; featured_image=&#8221;off&#8221; module_id=&#8221;titre-article&#8221; _builder_version=&#8221;4.14.8&#8243; _module_preset=&#8221;default&#8221; title_font_size=&#8221;2.8em&#8221; title_line_height=&#8221;0.9em&#8221; meta_font=&#8221;|700|||||||&#8221; meta_text_color=&#8221;gcid-e7796924-c5e5-4680-bc39-a63ddcdeea33&#8243; custom_margin=&#8221;||23px|||&#8221; title_font_size_tablet=&#8221;2.8em&#8221; title_font_size_phone=&#8221;2em&#8221; title_font_size_last_edited=&#8221;on|desktop&#8221; title_line_height_tablet=&#8221;1.1em&#8221; title_line_height_phone=&#8221;1.1em&#8221; title_line_height_last_edited=&#8221;on|tablet&#8221; global_colors_info=&#8221;{%22gcid-e7796924-c5e5-4680-bc39-a63ddcdeea33%22:%91%22meta_text_color%22%93}&#8221;][\/et_pb_post_title][et_pb_text module_class=&#8221;publie&#8221; _builder_version=&#8221;4.14.8&#8243; _module_preset=&#8221;default&#8221; text_font=&#8221;Tiempos Headline Black|800|||||||&#8221; use_background_color_gradient=&#8221;on&#8221; background_color_gradient_start=&#8221;#ffffff&#8221; background_color_gradient_end=&#8221;gcid-c36b81ad-c14e-402f-b5f5-285214bb9288&#8243; background_color_gradient_start_position=&#8221;53%&#8221; background_color_gradient_end_position=&#8221;53%&#8221; module_alignment=&#8221;left&#8221; custom_padding=&#8221;|5px||4px|false|false&#8221; custom_css_main_element=&#8221;display: inline-block;||max-width:max-content;&#8221; global_colors_info=&#8221;{%22gcid-c36b81ad-c14e-402f-b5f5-285214bb9288%22:%91%22colorEnd%22%93}&#8221;]<\/p>\n<p>Published on<\/p>\n<p>[\/et_pb_text][et_pb_post_title title=&#8221;off&#8221; author=&#8221;off&#8221; date_format=&#8221;j M Y&#8221; categories=&#8221;off&#8221; comments=&#8221;off&#8221; featured_image=&#8221;off&#8221; _builder_version=&#8221;4.14.8&#8243; _module_preset=&#8221;default&#8221; title_font_size=&#8221;2.8em&#8221; title_line_height=&#8221;0.9em&#8221; meta_font=&#8221;Tiempos Headline Black|800|||||||&#8221; meta_text_color=&#8221;gcid-e7796924-c5e5-4680-bc39-a63ddcdeea33&#8243; use_background_color_gradient=&#8221;on&#8221; background_color_gradient_start=&#8221;#ffffff&#8221; background_color_gradient_end=&#8221;gcid-c36b81ad-c14e-402f-b5f5-285214bb9288&#8243; background_color_gradient_start_position=&#8221;53%&#8221; background_color_gradient_end_position=&#8221;53%&#8221; custom_padding=&#8221;|5px|||false|false&#8221; title_font_size_tablet=&#8221;2.8em&#8221; title_font_size_phone=&#8221;2em&#8221; title_font_size_last_edited=&#8221;on|desktop&#8221; custom_css_main_element=&#8221;display: inline-block;||max-width:max-content;&#8221; global_colors_info=&#8221;{%22gcid-e7796924-c5e5-4680-bc39-a63ddcdeea33%22:%91%22meta_text_color%22%93,%22gcid-c36b81ad-c14e-402f-b5f5-285214bb9288%22:%91%22colorEnd%22%93}&#8221;][\/et_pb_post_title][\/et_pb_column][\/et_pb_row][et_pb_row column_structure=&#8221;1_2,1_2&#8243; use_custom_gutter=&#8221;on&#8221; gutter_width=&#8221;1&#8243; make_equal=&#8221;on&#8221; _builder_version=&#8221;4.14.8&#8243; _module_preset=&#8221;default&#8221; custom_css_main_element=&#8221;align-items:center;&#8221; global_colors_info=&#8221;{}&#8221;][et_pb_column type=&#8221;1_2&#8243; _builder_version=&#8221;4.14.8&#8243; _module_preset=&#8221;default&#8221; custom_padding=&#8221;|8%|||false|false&#8221; custom_padding_tablet=&#8221;|0%|||false|false&#8221; custom_padding_phone=&#8221;|0%|||false|false&#8221; custom_padding_last_edited=&#8221;on|tablet&#8221; global_colors_info=&#8221;{}&#8221;][et_pb_text _builder_version=&#8221;4.14.8&#8243; _module_preset=&#8221;default&#8221; max_width_tablet=&#8221;100%&#8221; max_width_phone=&#8221;100%&#8221; max_width_last_edited=&#8221;on|tablet&#8221; module_alignment=&#8221;left&#8221; custom_margin=&#8221;||32px|||&#8221; global_colors_info=&#8221;{}&#8221;]<\/p>\n<p>On Tuesday, October 4, 2022, ISAE-SUPAERO inaugurated its brand new Learning Center in the presence of the project&#8217;s actors, donor contributors and staff members. Named &#8221; <strong>A\u00e9roth\u00e8que Marie Marvingt<\/strong> &#8220;, it pays homage to this exceptional woman, an outstanding sportswoman and aviation pioneer. The Aerotheque also welcomes two names, that of Jean-Claude Vannier (S 1976), as well as that of a great man of space.<\/p>\n<p>[\/et_pb_text][\/et_pb_column][et_pb_column type=&#8221;1_2&#8243; _builder_version=&#8221;4.14.8&#8243; _module_preset=&#8221;default&#8221; global_colors_info=&#8221;{}&#8221;][et_pb_image src=&#8221;https:\/\/fondation-isae-supaero.org\/wp-content\/uploads\/2022\/10\/1-1.webp&#8221; align=&#8221;right&#8221; force_fullwidth=&#8221;on&#8221; align_tablet=&#8221;left&#8221; align_phone=&#8221;left&#8221; align_last_edited=&#8221;on|tablet&#8221; module_class=&#8221;left-t&#8221; _builder_version=&#8221;4.14.8&#8243; _module_preset=&#8221;default&#8221; background_enable_image=&#8221;off&#8221; background_size=&#8221;initial&#8221; background_position=&#8221;top_left&#8221; z_index=&#8221;0&#8243; custom_margin=&#8221;||||false|false&#8221; custom_margin_tablet=&#8221;20px||||false|false&#8221; custom_margin_phone=&#8221;20px||||false|false&#8221; custom_margin_last_edited=&#8221;on|tablet&#8221; global_colors_info=&#8221;{}&#8221;][\/et_pb_image][\/et_pb_column][\/et_pb_row][\/et_pb_section][et_pb_section fb_built=&#8221;1&#8243; custom_padding_last_edited=&#8221;on|tablet&#8221; _builder_version=&#8221;4.14.8&#8243; _module_preset=&#8221;default&#8221; background_enable_color=&#8221;on&#8221; background_image=&#8221;http:\/\/fondation-isae-supaero.org\/wp-content\/uploads\/2022\/03\/pointilles.svg&#8221; background_size=&#8221;initial&#8221; background_repeat=&#8221;repeat-y&#8221; custom_margin=&#8221;||0px||false|false&#8221; custom_padding=&#8221;100px||100px||true|false&#8221; custom_padding_tablet=&#8221;80px||80px||true|false&#8221; custom_padding_phone=&#8221;80px||80px||true|false&#8221; global_colors_info=&#8221;{%22gcid-c36b81ad-c14e-402f-b5f5-285214bb9288%22:%91%22background_color%22%93}&#8221;][et_pb_row _builder_version=&#8221;4.14.8&#8243; _module_preset=&#8221;default&#8221; global_colors_info=&#8221;{}&#8221;][et_pb_column type=&#8221;4_4&#8243; _builder_version=&#8221;4.14.8&#8243; _module_preset=&#8221;default&#8221; global_colors_info=&#8221;{}&#8221;][et_pb_text _builder_version=&#8221;4.14.8&#8243; _module_preset=&#8221;a31fb28a-5b8a-4aa6-8c5c-dd6c124d89a6&#8243; custom_margin=&#8221;||29px|||&#8221; global_colors_info=&#8221;{}&#8221;]<\/p>\n<h2>Inauguration of an emblematic place on campus<\/h2>\n<p>[\/et_pb_text][\/et_pb_column][\/et_pb_row][et_pb_row column_structure=&#8221;1_2,1_2&#8243; _builder_version=&#8221;4.14.8&#8243; _module_preset=&#8221;default&#8221; global_colors_info=&#8221;{}&#8221;][et_pb_column type=&#8221;1_2&#8243; _builder_version=&#8221;4.14.8&#8243; _module_preset=&#8221;default&#8221; global_colors_info=&#8221;{}&#8221;][et_pb_text _builder_version=&#8221;4.14.8&#8243; _module_preset=&#8221;default&#8221; global_colors_info=&#8221;{}&#8221;]<\/p>\n<p>On more than 2,700 m\u00b2, the Aerotheque is a space that brings people together and encourages intellectual emulation. A polymorphous place with unique resources, it benefits from innovative equipment and a documentary collection of more than 55,000 works.<\/p>\n<p>The inauguration was attended by the project managers and contractors, the Institute&#8217;s teams who contributed to the project, and the donors and sponsors who contributed to its financing via the Foundation.<\/p>\n<p>[\/et_pb_text][\/et_pb_column][et_pb_column type=&#8221;1_2&#8243; _builder_version=&#8221;4.14.8&#8243; _module_preset=&#8221;default&#8221; global_colors_info=&#8221;{}&#8221;][et_pb_text _builder_version=&#8221;4.14.8&#8243; _module_preset=&#8221;default&#8221; custom_padding=&#8221;6px|||||&#8221; global_colors_info=&#8221;{}&#8221;]<\/p>\n<p>The name<strong>A\u00e9roth\u00e8que Marie Marvingt<\/strong>, in memory of this pioneer woman of aviation but also inventor, sportswoman, mountaineer, nurse and French journalist. As the most decorated woman in French history, Marie Marvingt is also a source of inspiration. In the same way as the two names that take place in the Aerotheque, those of<strong> Jean-Claude Vannier and Jacques \u00c9milie Blamont<\/strong>.<\/p>\n<p>[\/et_pb_text][\/et_pb_column][\/et_pb_row][\/et_pb_section][et_pb_section fb_built=&#8221;1&#8243; custom_padding_last_edited=&#8221;on|tablet&#8221; _builder_version=&#8221;4.14.8&#8243; _module_preset=&#8221;default&#8221; background_image=&#8221;http:\/\/fondation-isae-supaero.org\/wp-content\/uploads\/2022\/03\/pointilles.svg&#8221; background_size=&#8221;initial&#8221; background_repeat=&#8221;repeat-y&#8221; custom_margin=&#8221;||||false|false&#8221; custom_margin_tablet=&#8221;||||false|false&#8221; custom_margin_phone=&#8221;60px||||false|false&#8221; custom_margin_last_edited=&#8221;on|phone&#8221; custom_padding=&#8221;100px||100px||false|false&#8221; custom_padding_tablet=&#8221;80px||50px||false|false&#8221; custom_padding_phone=&#8221;0%||30px||false|false&#8221; global_colors_info=&#8221;{}&#8221;][et_pb_row _builder_version=&#8221;4.14.8&#8243; _module_preset=&#8221;default&#8221; custom_margin_tablet=&#8221;&#8221; custom_margin_phone=&#8221;||0px||false|false&#8221; custom_margin_last_edited=&#8221;on|phone&#8221; global_colors_info=&#8221;{}&#8221;][et_pb_column type=&#8221;4_4&#8243; _builder_version=&#8221;4.14.8&#8243; _module_preset=&#8221;default&#8221; global_colors_info=&#8221;{}&#8221;][et_pb_text _builder_version=&#8221;4.14.8&#8243; _module_preset=&#8221;a31fb28a-5b8a-4aa6-8c5c-dd6c124d89a6&#8243; max_width=&#8221;600px&#8221; max_width_tablet=&#8221;100%&#8221; max_width_phone=&#8221;100%&#8221; max_width_last_edited=&#8221;on|tablet&#8221; custom_margin=&#8221;||23px|||&#8221; global_colors_info=&#8221;{}&#8221;]<\/p>\n<h2>Two named spaces in the new Learning Center<\/h2>\n<p>[\/et_pb_text][et_pb_text _builder_version=&#8221;4.14.8&#8243; _module_preset=&#8221;default&#8221; global_colors_info=&#8221;{}&#8221;]<\/p>\n<p>In recognition of two collection operations, two rooms on the first floor of the building could be named.<br \/>Mr. Vannier (S 1976), who has been a donor to the Foundation for the past 8 years, wanted to add a very special symbolism to his donation by deciding to <strong>sponsor a space<\/strong>. Thus, one of the boxes offered to students for individual work or in groups of 2, now bears his name.<\/p>\n<p>The second room, named after Jacques Emile Blamont, is a <strong>tribute to this key figure<\/strong> in the history of CNES. Professor Blamont, who passed away in October 2020, was the first scientific and technical director of CNES, making him the father of astronautics and the French space program. Recognized for its humanist and transmission values, it embodies strong values shared by ISAE-SUPAERO. Thus, 3 alumni were at the <a href=\"https:\/\/fondation-isae-supaero.org\/en\/a-visit-to-the-centre-detudes-spatiales-de-toulouse\/\">initiative of a collective operation<\/a> launched in September 2021 among employees and executives (former and current) of CNES, in which CNES also participated.<\/p>\n<p>In addition, <strong>\u20ac56,000<\/strong> was contributed by the Foundation through donations received from its individual donors, to assist in the development of the Learning Center.<span style=\"color: #00aaff;\"><strong><\/strong><\/span><\/p>\n<p>[\/et_pb_text][\/et_pb_column][\/et_pb_row][et_pb_row column_structure=&#8221;1_2,1_2&#8243; _builder_version=&#8221;4.14.8&#8243; _module_preset=&#8221;default&#8221; custom_margin=&#8221;100px||||false|false&#8221; global_colors_info=&#8221;{}&#8221;][et_pb_column type=&#8221;1_2&#8243; _builder_version=&#8221;4.14.8&#8243; _module_preset=&#8221;default&#8221; global_colors_info=&#8221;{}&#8221;][et_pb_image src=&#8221;https:\/\/fondation-isae-supaero.org\/wp-content\/uploads\/2022\/10\/2_1.jpg&#8221; _builder_version=&#8221;4.14.8&#8243; _module_preset=&#8221;default&#8221; hover_enabled=&#8221;0&#8243; global_colors_info=&#8221;{}&#8221; sticky_enabled=&#8221;0&#8243;][\/et_pb_image][\/et_pb_column][et_pb_column type=&#8221;1_2&#8243; _builder_version=&#8221;4.14.8&#8243; _module_preset=&#8221;default&#8221; global_colors_info=&#8221;{}&#8221;][et_pb_image src=&#8221;https:\/\/fondation-isae-supaero.org\/wp-content\/uploads\/2022\/10\/1_1.jpg&#8221; _builder_version=&#8221;4.14.8&#8243; _module_preset=&#8221;default&#8221; hover_enabled=&#8221;0&#8243; global_colors_info=&#8221;{}&#8221; sticky_enabled=&#8221;0&#8243;][\/et_pb_image][\/et_pb_column][\/et_pb_row][et_pb_row column_structure=&#8221;1_2,1_2&#8243; _builder_version=&#8221;4.14.8&#8243; _module_preset=&#8221;default&#8221; custom_margin=&#8221;100px||||false|false&#8221; global_colors_info=&#8221;{}&#8221;][et_pb_column type=&#8221;1_2&#8243; _builder_version=&#8221;4.14.8&#8243; _module_preset=&#8221;default&#8221; global_colors_info=&#8221;{}&#8221;][et_pb_image src=&#8221;https:\/\/fondation-isae-supaero.org\/wp-content\/uploads\/2022\/10\/4-1.webp&#8221; _builder_version=&#8221;4.14.8&#8243; _module_preset=&#8221;default&#8221; global_colors_info=&#8221;{}&#8221;][\/et_pb_image][\/et_pb_column][et_pb_column type=&#8221;1_2&#8243; _builder_version=&#8221;4.14.8&#8243; _module_preset=&#8221;default&#8221; global_colors_info=&#8221;{}&#8221;][et_pb_image src=&#8221;https:\/\/fondation-isae-supaero.org\/wp-content\/uploads\/2022\/10\/HEADER_PAGES_ne-pas-supprimer_bis-_600-\u00d7-415-px_.webp&#8221; _builder_version=&#8221;4.14.8&#8243; _module_preset=&#8221;default&#8221; global_colors_info=&#8221;{}&#8221;][\/et_pb_image][\/et_pb_column][\/et_pb_row][et_pb_row _builder_version=&#8221;4.14.8&#8243; _module_preset=&#8221;default&#8221; custom_margin=&#8221;100px||||false|false&#8221; global_colors_info=&#8221;{}&#8221;][et_pb_column type=&#8221;4_4&#8243; _builder_version=&#8221;4.14.8&#8243; _module_preset=&#8221;default&#8221; global_colors_info=&#8221;{}&#8221;][et_pb_image src=&#8221;https:\/\/fondation-isae-supaero.org\/wp-content\/uploads\/2022\/10\/3-1.webp&#8221; align=&#8221;center&#8221; _builder_version=&#8221;4.14.8&#8243; _module_preset=&#8221;default&#8221; global_colors_info=&#8221;{}&#8221;][\/et_pb_image][\/et_pb_column][\/et_pb_row][\/et_pb_section][et_pb_section fb_built=&#8221;1&#8243; custom_padding_last_edited=&#8221;on|tablet&#8221; _builder_version=&#8221;4.14.8&#8243; _module_preset=&#8221;default&#8221; background_image=&#8221;http:\/\/fondation-isae-supaero.org\/wp-content\/uploads\/2022\/03\/pointilles.svg&#8221; background_size=&#8221;initial&#8221; background_repeat=&#8221;repeat-y&#8221; custom_margin=&#8221;||||false|false&#8221; custom_padding=&#8221;0px||0px||false|false&#8221; custom_padding_tablet=&#8221;80px||50px||false|false&#8221; custom_padding_phone=&#8221;0%||30px||false|false&#8221; global_colors_info=&#8221;{}&#8221;][et_pb_row _builder_version=&#8221;4.14.8&#8243; _module_preset=&#8221;default&#8221; custom_margin_tablet=&#8221;&#8221; custom_margin_phone=&#8221;||0px||false|false&#8221; custom_margin_last_edited=&#8221;on|phone&#8221; global_colors_info=&#8221;{}&#8221;][et_pb_column type=&#8221;4_4&#8243; _builder_version=&#8221;4.14.8&#8243; _module_preset=&#8221;default&#8221; global_colors_info=&#8221;{}&#8221;][et_pb_text _builder_version=&#8221;4.14.8&#8243; _module_preset=&#8221;a31fb28a-5b8a-4aa6-8c5c-dd6c124d89a6&#8243; max_width=&#8221;600px&#8221; max_width_tablet=&#8221;100%&#8221; max_width_phone=&#8221;100%&#8221; max_width_last_edited=&#8221;on|tablet&#8221; custom_margin=&#8221;||23px|||&#8221; global_colors_info=&#8221;{}&#8221;]<\/p>\n<h2>Naming, a way to show support to future generations, to inspire them<\/h2>\n<p>[\/et_pb_text][et_pb_text _builder_version=&#8221;4.14.8&#8243; _module_preset=&#8221;default&#8221; global_colors_info=&#8221;{}&#8221;]<\/p>\n<p>From a certain level of commitment, the Foundation offers its donors the opportunity <a href=\"https:\/\/fondation-isae-supaero.org\/en\/sponsor-a-space\/\">to inscribe their name or that of the person of their choice<\/a> on the ISAE-SUPAERO campus. It is by this means that the name of Jean-Claude Vannier and Jacques Emile Blamont are inscribed on the walls of the A\u00e9roth\u00e8que Marie Marvingt.<\/p>\n<p>[\/et_pb_text][\/et_pb_column][\/et_pb_row][\/et_pb_section][et_pb_section fb_built=&#8221;1&#8243; custom_padding_last_edited=&#8221;on|tablet&#8221; _builder_version=&#8221;4.14.8&#8243; _module_preset=&#8221;default&#8221; background_image=&#8221;http:\/\/fondation-isae-supaero.org\/wp-content\/uploads\/2022\/03\/pointilles.svg&#8221; background_size=&#8221;initial&#8221; background_repeat=&#8221;repeat-y&#8221; custom_margin=&#8221;||||false|false&#8221; custom_padding=&#8221;100px||100px||false|false&#8221; custom_padding_tablet=&#8221;80px||50px||false|false&#8221; custom_padding_phone=&#8221;0%||30px||false|false&#8221; global_colors_info=&#8221;{}&#8221;][et_pb_row _builder_version=&#8221;4.14.8&#8243; _module_preset=&#8221;default&#8221; custom_margin_tablet=&#8221;&#8221; custom_margin_phone=&#8221;||0px||false|false&#8221; custom_margin_last_edited=&#8221;on|phone&#8221; global_colors_info=&#8221;{}&#8221;][et_pb_column type=&#8221;4_4&#8243; _builder_version=&#8221;4.14.8&#8243; _module_preset=&#8221;default&#8221; global_colors_info=&#8221;{}&#8221;][et_pb_text _builder_version=&#8221;4.14.8&#8243; _module_preset=&#8221;default&#8221; global_colors_info=&#8221;{}&#8221;]<\/p>\n<p>We hope that this emblematic place bearing the name of Marie Marvingt but also that of Jacques Emile Blamont and Jean-Claude Vannier will inspire the students of ISAE-SUPAERO, builders of the world of tomorrow.<\/p>\n<p>[\/et_pb_text][\/et_pb_column][\/et_pb_row][et_pb_row column_structure=&#8221;1_2,1_2&#8243; _builder_version=&#8221;4.14.8&#8243; _module_preset=&#8221;default&#8221; custom_margin=&#8221;60px|auto||auto|false|false&#8221; custom_margin_tablet=&#8221;30px|auto||auto|false|false&#8221; custom_margin_phone=&#8221;|auto||auto|false|false&#8221; custom_margin_last_edited=&#8221;on|phone&#8221; global_colors_info=&#8221;{}&#8221;][et_pb_column type=&#8221;1_2&#8243; _builder_version=&#8221;4.14.8&#8243; _module_preset=&#8221;default&#8221; global_colors_info=&#8221;{}&#8221;][et_pb_image src=&#8221;https:\/\/fondation-isae-supaero.org\/wp-content\/uploads\/2022\/10\/2-1.webp&#8221; title_text=&#8221;dares&#8221; align=&#8221;right&#8221; align_tablet=&#8221;left&#8221; align_phone=&#8221;left&#8221; align_last_edited=&#8221;on|tablet&#8221; _builder_version=&#8221;4.14.8&#8243; _module_preset=&#8221;default&#8221; global_colors_info=&#8221;{}&#8221;][\/et_pb_image][\/et_pb_column][et_pb_column type=&#8221;1_2&#8243; _builder_version=&#8221;4.14.8&#8243; _module_preset=&#8221;default&#8221; global_colors_info=&#8221;{}&#8221;][et_pb_image src=&#8221;https:\/\/fondation-isae-supaero.org\/wp-content\/uploads\/2022\/10\/1-1.webp&#8221; _builder_version=&#8221;4.14.8&#8243; _module_preset=&#8221;default&#8221; global_colors_info=&#8221;{}&#8221;][\/et_pb_image][\/et_pb_column][\/et_pb_row][\/et_pb_section][et_pb_section fb_built=&#8221;1&#8243; custom_padding_last_edited=&#8221;on|tablet&#8221; module_class=&#8221;dc-inverser-colonnes&#8211;section&#8221; _builder_version=&#8221;4.14.8&#8243; _module_preset=&#8221;default&#8221; background_color=&#8221;gcid-950e6a19-45b6-4be9-bffe-4ec0fa9a99e4&#8243; background_image=&#8221;http:\/\/fondation-isae-supaero.org\/wp-content\/uploads\/2022\/03\/pointilles.svg&#8221; background_size=&#8221;initial&#8221; background_repeat=&#8221;repeat-y&#8221; overflow-x=&#8221;hidden&#8221; overflow-y=&#8221;hidden&#8221; custom_margin=&#8221;||||false|false&#8221; custom_padding=&#8221;100px||80px||false|false&#8221; custom_padding_tablet=&#8221;80px||80px||true|false&#8221; custom_padding_phone=&#8221;80px||80px||true|false&#8221; global_colors_info=&#8221;{%22gcid-950e6a19-45b6-4be9-bffe-4ec0fa9a99e4%22:%91%22background_color%22%93}&#8221;][et_pb_row column_structure=&#8221;1_3,2_3&#8243; disabled_on=&#8221;off|off|off&#8221; _builder_version=&#8221;4.14.8&#8243; _module_preset=&#8221;default&#8221; global_colors_info=&#8221;{}&#8221;][et_pb_column type=&#8221;1_3&#8243; _builder_version=&#8221;4.14.8&#8243; _module_preset=&#8221;default&#8221; background_enable_image=&#8221;off&#8221; background_size=&#8221;initial&#8221; background_position=&#8221;top_left&#8221; global_colors_info=&#8221;{}&#8221;][et_pb_text _builder_version=&#8221;4.14.8&#8243; _module_preset=&#8221;a31fb28a-5b8a-4aa6-8c5c-dd6c124d89a6&#8243; custom_margin=&#8221;||11px|||&#8221; global_colors_info=&#8221;{}&#8221;]<\/p>\n<h2>A word from Philippe Forestier<\/h2>\n<p>[\/et_pb_text][et_pb_text module_class=&#8221;yellow&#8221; _builder_version=&#8221;4.14.8&#8243; _module_preset=&#8221;d3bf5c8f-3269-411a-b632-836ecafe78d9&#8243; custom_margin=&#8221;||1px||false|false&#8221; custom_padding=&#8221;|4px||4px|false|false&#8221; text_font_size_phone=&#8221;20px&#8221; global_colors_info=&#8221;{}&#8221;]<\/p>\n<p>President of the Foundation<\/p>\n<p>[\/et_pb_text][et_pb_image src=&#8221;https:\/\/fondation-isae-supaero.org\/wp-content\/uploads\/2022\/06\/templatebleu_png8_philippe_forestier_page_parrainer_espace.png&#8221; _builder_version=&#8221;4.14.8&#8243; _module_preset=&#8221;default&#8221; background_enable_image=&#8221;off&#8221; background_size=&#8221;initial&#8221; background_position=&#8221;top_left&#8221; custom_margin=&#8221;60px||||false|false&#8221; custom_margin_tablet=&#8221;||30px||false|false&#8221; custom_margin_phone=&#8221;||30px||false|false&#8221; custom_margin_last_edited=&#8221;on|tablet&#8221; scroll_vertical_motion_enable=&#8221;on&#8221; scroll_vertical_motion=&#8221;0|100|100|100|0|0|0&#8243; scroll_vertical_motion_tablet=&#8221;0|100|100|100|0|0|0&#8243; scroll_vertical_motion_phone=&#8221;0|100|100|100|0.5|0|0&#8243; scroll_vertical_motion_last_edited=&#8221;on|phone&#8221; global_colors_info=&#8221;{}&#8221;][\/et_pb_image][\/et_pb_column][et_pb_column type=&#8221;2_3&#8243; _builder_version=&#8221;4.14.8&#8243; _module_preset=&#8221;default&#8221; custom_padding=&#8221;0px||||false|false&#8221; custom_padding_tablet=&#8221;|0%|||false|false&#8221; custom_padding_phone=&#8221;|0%|||false|false&#8221; custom_padding_last_edited=&#8221;on|tablet&#8221; global_colors_info=&#8221;{}&#8221;][et_pb_text _builder_version=&#8221;4.14.8&#8243; _module_preset=&#8221;default&#8221; custom_margin=&#8221;150px||||false|false&#8221; custom_margin_tablet=&#8221;20px||||false|false&#8221; custom_margin_phone=&#8221;20px||||false|false&#8221; custom_margin_last_edited=&#8221;on|phone&#8221; global_colors_info=&#8221;{}&#8221;]<\/p>\n<p><em>&#8220;In addition to being a way to deeply acknowledge donors, naming a space is also a way to show commitment to future generations, inspire them and honor their time on campus.&#8221;<\/em><\/p>\n<p>[\/et_pb_text][\/et_pb_column][\/et_pb_row][\/et_pb_section][et_pb_section fb_built=&#8221;1&#8243; custom_padding_last_edited=&#8221;on|tablet&#8221; module_class=&#8221;dc-inverser-colonnes&#8211;section&#8221; _builder_version=&#8221;4.14.8&#8243; _module_preset=&#8221;default&#8221; background_color=&#8221;gcid-950e6a19-45b6-4be9-bffe-4ec0fa9a99e4&#8243; background_image=&#8221;http:\/\/fondation-isae-supaero.org\/wp-content\/uploads\/2022\/03\/pointilles.svg&#8221; background_size=&#8221;initial&#8221; background_repeat=&#8221;repeat-y&#8221; overflow-x=&#8221;hidden&#8221; overflow-y=&#8221;hidden&#8221; custom_margin=&#8221;||||false|false&#8221; custom_padding=&#8221;80px||80px||true|false&#8221; custom_padding_tablet=&#8221;80px||80px||true|false&#8221; custom_padding_phone=&#8221;80px||80px||true|false&#8221; global_colors_info=&#8221;{%22gcid-950e6a19-45b6-4be9-bffe-4ec0fa9a99e4%22:%91%22background_color%22%93}&#8221;][et_pb_row column_structure=&#8221;1_3,2_3&#8243; disabled_on=&#8221;off|off|off&#8221; _builder_version=&#8221;4.14.8&#8243; _module_preset=&#8221;default&#8221; global_colors_info=&#8221;{}&#8221;][et_pb_column type=&#8221;1_3&#8243; _builder_version=&#8221;4.14.8&#8243; _module_preset=&#8221;default&#8221; background_enable_image=&#8221;off&#8221; background_size=&#8221;initial&#8221; background_position=&#8221;top_left&#8221; global_colors_info=&#8221;{}&#8221;][et_pb_text _builder_version=&#8221;4.14.8&#8243; _module_preset=&#8221;a31fb28a-5b8a-4aa6-8c5c-dd6c124d89a6&#8243; custom_margin=&#8221;||11px|||&#8221; global_colors_info=&#8221;{}&#8221;]<\/p>\n<h2>A word from Jean-Claude Vannier<\/h2>\n<p>[\/et_pb_text][et_pb_text module_class=&#8221;yellow&#8221; _builder_version=&#8221;4.14.8&#8243; _module_preset=&#8221;d3bf5c8f-3269-411a-b632-836ecafe78d9&#8243; custom_margin=&#8221;||1px||false|false&#8221; custom_padding=&#8221;|4px||4px|false|false&#8221; text_font_size_phone=&#8221;20px&#8221; global_colors_info=&#8221;{}&#8221;]<\/p>\n<p>S 1976 and donor<\/p>\n<p>[\/et_pb_text][et_pb_image src=&#8221;https:\/\/fondation-isae-supaero.org\/wp-content\/uploads\/2022\/10\/templatebleu_vannier.webp&#8221; _builder_version=&#8221;4.14.8&#8243; _module_preset=&#8221;default&#8221; background_enable_image=&#8221;off&#8221; background_size=&#8221;initial&#8221; background_position=&#8221;top_left&#8221; custom_margin=&#8221;60px||||false|false&#8221; custom_margin_tablet=&#8221;||30px||false|false&#8221; custom_margin_phone=&#8221;||30px||false|false&#8221; custom_margin_last_edited=&#8221;on|tablet&#8221; scroll_vertical_motion_enable=&#8221;on&#8221; scroll_vertical_motion=&#8221;0|100|100|100|0|0|0&#8243; scroll_vertical_motion_tablet=&#8221;0|100|100|100|0|0|0&#8243; scroll_vertical_motion_phone=&#8221;0|100|100|100|0.5|0|0&#8243; scroll_vertical_motion_last_edited=&#8221;on|phone&#8221; global_colors_info=&#8221;{}&#8221;][\/et_pb_image][\/et_pb_column][et_pb_column type=&#8221;2_3&#8243; _builder_version=&#8221;4.14.8&#8243; _module_preset=&#8221;default&#8221; custom_padding=&#8221;0px||||false|false&#8221; custom_padding_tablet=&#8221;|0%|||false|false&#8221; custom_padding_phone=&#8221;|0%|||false|false&#8221; custom_padding_last_edited=&#8221;on|tablet&#8221; global_colors_info=&#8221;{}&#8221;][et_pb_text _builder_version=&#8221;4.14.8&#8243; _module_preset=&#8221;default&#8221; custom_margin=&#8221;150px||||false|false&#8221; custom_margin_tablet=&#8221;20px||||false|false&#8221; custom_margin_phone=&#8221;20px||||false|false&#8221; custom_margin_last_edited=&#8221;on|phone&#8221; global_colors_info=&#8221;{}&#8221;]<\/p>\n<p><em>&#8220;I wanted to donate to this beautiful project that is the Learning Center, firstly for the project that this building located in the heart of the campus represents and that will be able to welcome many students within it. Secondly, being a donor is a way for me to give back what I received through my studies, since I was lucky enough to do them at ISAE-SUPAERO and this has given me a lot for my career. Today, I feel indebted and proud to be able to contribute to this beautiful building.<\/em><\/p>\n<p>[\/et_pb_text][\/et_pb_column][\/et_pb_row][\/et_pb_section]<\/p>\n","protected":false},"excerpt":{"rendered":"<p>On Tuesday, October 4, 2022, ISAE-SUPAERO inaugurated its brand new Learning Center in the presence of the project&#8217;s actors, donor contributors and staff members. Named &#8220;A\u00e9roth\u00e8que Marie Marvingt&#8221;, it pays homage to this exceptional woman, an outstanding sportswoman and aviation pioneer. The Aerotheque also welcomes two names, that of Jean-Claude Vannier (S 1976), as well as that of a great man of space. <\/p>\n","protected":false},"author":3,"featured_media":8727,"comment_status":"open","ping_status":"open","sticky":false,"template":"","format":"standard","meta":{"_acf_changed":false,"_et_pb_use_builder":"on","_et_pb_old_content":"","_et_gb_content_width":"","footnotes":""},"categories":[68,66,70],"tags":[],"class_list":["post-8721","post","type-post","status-publish","format-standard","has-post-thumbnail","hentry","category-event","category-news","category-our-patrons-in-the-spotlight"],"acf":[],"yoast_head":"<!-- This site is optimized with the Yoast SEO plugin v26.6 - https:\/\/yoast.com\/wordpress\/plugins\/seo\/ -->\n<title>Inauguration of the Marie Marvingt Aeroth\u00e8que at ISAE-SUPAERO<\/title>\n<meta name=\"description\" content=\"On Tuesday, October 4, 2022, ISAE-SUPAERO inaugurated its brand new Learning Center in the presence of the project&#039;s actors, donor contributors and staff members. Named &quot;A\u00e9roth\u00e8que Marie Marvingt&quot;, it pays homage to this exceptional woman, an outstanding sportswoman and aviation pioneer.\" \/>\n<meta name=\"robots\" content=\"index, follow, max-snippet:-1, max-image-preview:large, max-video-preview:-1\" \/>\n<link rel=\"canonical\" href=\"https:\/\/fondation-isae-supaero.org\/en\/inauguration-of-the-isae-supaero-aerotheque-two-names-take-place-in-the-building-thanks-to-the-naming\/\" \/>\n<meta property=\"og:locale\" content=\"en_US\" \/>\n<meta property=\"og:type\" content=\"article\" \/>\n<meta property=\"og:title\" content=\"Inauguration of the Marie Marvingt Aeroth\u00e8que at ISAE-SUPAERO\" \/>\n<meta property=\"og:description\" content=\"On Tuesday, October 4, 2022, ISAE-SUPAERO inaugurated its brand new Learning Center in the presence of the project&#039;s actors, donor contributors and staff members. Named &quot;A\u00e9roth\u00e8que Marie Marvingt&quot;, it pays homage to this exceptional woman, an outstanding sportswoman and aviation pioneer.\" \/>\n<meta property=\"og:url\" content=\"https:\/\/fondation-isae-supaero.org\/en\/inauguration-of-the-isae-supaero-aerotheque-two-names-take-place-in-the-building-thanks-to-the-naming\/\" \/>\n<meta property=\"og:site_name\" content=\"Fondation ISAE-SUPAERO\" \/>\n<meta property=\"article:published_time\" content=\"2022-10-07T11:24:35+00:00\" \/>\n<meta property=\"article:modified_time\" content=\"2022-10-11T12:43:03+00:00\" \/>\n<meta property=\"og:image\" content=\"https:\/\/fondation-isae-supaero.org\/wp-content\/uploads\/2022\/10\/VIGNETTES_actualites-1.jpg\" \/>\n\t<meta property=\"og:image:width\" content=\"400\" \/>\n\t<meta property=\"og:image:height\" content=\"274\" \/>\n\t<meta property=\"og:image:type\" content=\"image\/jpeg\" \/>\n<meta name=\"author\" content=\"K\u00e9vin FISAE\" \/>\n<meta name=\"twitter:card\" content=\"summary_large_image\" \/>\n<meta name=\"twitter:label1\" content=\"Written by\" \/>\n\t<meta name=\"twitter:data1\" content=\"K\u00e9vin FISAE\" \/>\n\t<meta name=\"twitter:label2\" content=\"Est. reading time\" \/>\n\t<meta name=\"twitter:data2\" content=\"16 minutes\" \/>\n<script type=\"application\/ld+json\" class=\"yoast-schema-graph\">{\"@context\":\"https:\/\/schema.org\",\"@graph\":[{\"@type\":\"Article\",\"@id\":\"https:\/\/fondation-isae-supaero.org\/en\/inauguration-of-the-isae-supaero-aerotheque-two-names-take-place-in-the-building-thanks-to-the-naming\/#article\",\"isPartOf\":{\"@id\":\"https:\/\/fondation-isae-supaero.org\/en\/inauguration-of-the-isae-supaero-aerotheque-two-names-take-place-in-the-building-thanks-to-the-naming\/\"},\"author\":{\"name\":\"K\u00e9vin FISAE\",\"@id\":\"https:\/\/fondation-isae-supaero.org\/en\/#\/schema\/person\/659e41a58ae9f2aeeec7f28007a11310\"},\"headline\":\"Inauguration of the ISAE-SUPAERO Aeroth\u00e8que, two names take place in the building thanks to the Naming\",\"datePublished\":\"2022-10-07T11:24:35+00:00\",\"dateModified\":\"2022-10-11T12:43:03+00:00\",\"mainEntityOfPage\":{\"@id\":\"https:\/\/fondation-isae-supaero.org\/en\/inauguration-of-the-isae-supaero-aerotheque-two-names-take-place-in-the-building-thanks-to-the-naming\/\"},\"wordCount\":3119,\"commentCount\":0,\"publisher\":{\"@id\":\"https:\/\/fondation-isae-supaero.org\/en\/#organization\"},\"image\":{\"@id\":\"https:\/\/fondation-isae-supaero.org\/en\/inauguration-of-the-isae-supaero-aerotheque-two-names-take-place-in-the-building-thanks-to-the-naming\/#primaryimage\"},\"thumbnailUrl\":\"https:\/\/fondation-isae-supaero.org\/wp-content\/uploads\/2022\/10\/VIGNETTES_actualites-1.jpg\",\"articleSection\":[\"Event\",\"News\",\"Our patrons in the spotlight\"],\"inLanguage\":\"en-US\",\"potentialAction\":[{\"@type\":\"CommentAction\",\"name\":\"Comment\",\"target\":[\"https:\/\/fondation-isae-supaero.org\/en\/inauguration-of-the-isae-supaero-aerotheque-two-names-take-place-in-the-building-thanks-to-the-naming\/#respond\"]}]},{\"@type\":\"WebPage\",\"@id\":\"https:\/\/fondation-isae-supaero.org\/en\/inauguration-of-the-isae-supaero-aerotheque-two-names-take-place-in-the-building-thanks-to-the-naming\/\",\"url\":\"https:\/\/fondation-isae-supaero.org\/en\/inauguration-of-the-isae-supaero-aerotheque-two-names-take-place-in-the-building-thanks-to-the-naming\/\",\"name\":\"Inauguration of the Marie Marvingt Aeroth\u00e8que at ISAE-SUPAERO\",\"isPartOf\":{\"@id\":\"https:\/\/fondation-isae-supaero.org\/en\/#website\"},\"primaryImageOfPage\":{\"@id\":\"https:\/\/fondation-isae-supaero.org\/en\/inauguration-of-the-isae-supaero-aerotheque-two-names-take-place-in-the-building-thanks-to-the-naming\/#primaryimage\"},\"image\":{\"@id\":\"https:\/\/fondation-isae-supaero.org\/en\/inauguration-of-the-isae-supaero-aerotheque-two-names-take-place-in-the-building-thanks-to-the-naming\/#primaryimage\"},\"thumbnailUrl\":\"https:\/\/fondation-isae-supaero.org\/wp-content\/uploads\/2022\/10\/VIGNETTES_actualites-1.jpg\",\"datePublished\":\"2022-10-07T11:24:35+00:00\",\"dateModified\":\"2022-10-11T12:43:03+00:00\",\"description\":\"On Tuesday, October 4, 2022, ISAE-SUPAERO inaugurated its brand new Learning Center in the presence of the project's actors, donor contributors and staff members. Named \\\"A\u00e9roth\u00e8que Marie Marvingt\\\", it pays homage to this exceptional woman, an outstanding sportswoman and aviation pioneer.\",\"breadcrumb\":{\"@id\":\"https:\/\/fondation-isae-supaero.org\/en\/inauguration-of-the-isae-supaero-aerotheque-two-names-take-place-in-the-building-thanks-to-the-naming\/#breadcrumb\"},\"inLanguage\":\"en-US\",\"potentialAction\":[{\"@type\":\"ReadAction\",\"target\":[\"https:\/\/fondation-isae-supaero.org\/en\/inauguration-of-the-isae-supaero-aerotheque-two-names-take-place-in-the-building-thanks-to-the-naming\/\"]}]},{\"@type\":\"ImageObject\",\"inLanguage\":\"en-US\",\"@id\":\"https:\/\/fondation-isae-supaero.org\/en\/inauguration-of-the-isae-supaero-aerotheque-two-names-take-place-in-the-building-thanks-to-the-naming\/#primaryimage\",\"url\":\"https:\/\/fondation-isae-supaero.org\/wp-content\/uploads\/2022\/10\/VIGNETTES_actualites-1.jpg\",\"contentUrl\":\"https:\/\/fondation-isae-supaero.org\/wp-content\/uploads\/2022\/10\/VIGNETTES_actualites-1.jpg\",\"width\":400,\"height\":274},{\"@type\":\"BreadcrumbList\",\"@id\":\"https:\/\/fondation-isae-supaero.org\/en\/inauguration-of-the-isae-supaero-aerotheque-two-names-take-place-in-the-building-thanks-to-the-naming\/#breadcrumb\",\"itemListElement\":[{\"@type\":\"ListItem\",\"position\":1,\"name\":\"Accueil\",\"item\":\"https:\/\/fondation-isae-supaero.org\/en\/\"},{\"@type\":\"ListItem\",\"position\":2,\"name\":\"Inauguration of the ISAE-SUPAERO Aeroth\u00e8que, two names take place in the building thanks to the Naming\"}]},{\"@type\":\"WebSite\",\"@id\":\"https:\/\/fondation-isae-supaero.org\/en\/#website\",\"url\":\"https:\/\/fondation-isae-supaero.org\/en\/\",\"name\":\"Fondation ISAE-SUPAERO\",\"description\":\"Pour le soutien de la recherche et l&#039;enseignement sup\u00e9rieur \u00e0 l&#039;Institut Sup\u00e9rieur de l&#039;A\u00e9ronautique et de l&#039;Espace\",\"publisher\":{\"@id\":\"https:\/\/fondation-isae-supaero.org\/en\/#organization\"},\"potentialAction\":[{\"@type\":\"SearchAction\",\"target\":{\"@type\":\"EntryPoint\",\"urlTemplate\":\"https:\/\/fondation-isae-supaero.org\/en\/?s={search_term_string}\"},\"query-input\":{\"@type\":\"PropertyValueSpecification\",\"valueRequired\":true,\"valueName\":\"search_term_string\"}}],\"inLanguage\":\"en-US\"},{\"@type\":\"Organization\",\"@id\":\"https:\/\/fondation-isae-supaero.org\/en\/#organization\",\"name\":\"Fondation ISAE Supaero\",\"url\":\"https:\/\/fondation-isae-supaero.org\/en\/\",\"logo\":{\"@type\":\"ImageObject\",\"inLanguage\":\"en-US\",\"@id\":\"https:\/\/fondation-isae-supaero.org\/en\/#\/schema\/logo\/image\/\",\"url\":\"https:\/\/fondation-isae-supaero.org\/wp-content\/uploads\/2022\/04\/logo-fondation-ras-293px.svg\",\"contentUrl\":\"https:\/\/fondation-isae-supaero.org\/wp-content\/uploads\/2022\/04\/logo-fondation-ras-293px.svg\",\"width\":294,\"height\":93,\"caption\":\"Fondation ISAE Supaero\"},\"image\":{\"@id\":\"https:\/\/fondation-isae-supaero.org\/en\/#\/schema\/logo\/image\/\"}},{\"@type\":\"Person\",\"@id\":\"https:\/\/fondation-isae-supaero.org\/en\/#\/schema\/person\/659e41a58ae9f2aeeec7f28007a11310\",\"name\":\"K\u00e9vin FISAE\",\"image\":{\"@type\":\"ImageObject\",\"inLanguage\":\"en-US\",\"@id\":\"https:\/\/fondation-isae-supaero.org\/en\/#\/schema\/person\/image\/\",\"url\":\"https:\/\/secure.gravatar.com\/avatar\/e08769f733c2e144f4da78774a89fc331bd8e0a185b7f043e8f300c58328bcf2?s=96&d=mm&r=g\",\"contentUrl\":\"https:\/\/secure.gravatar.com\/avatar\/e08769f733c2e144f4da78774a89fc331bd8e0a185b7f043e8f300c58328bcf2?s=96&d=mm&r=g\",\"caption\":\"K\u00e9vin FISAE\"},\"sameAs\":[\"http:\/\/Supis\"]}]}<\/script>\n<!-- \/ Yoast SEO plugin. -->","yoast_head_json":{"title":"Inauguration of the Marie Marvingt Aeroth\u00e8que at ISAE-SUPAERO","description":"On Tuesday, October 4, 2022, ISAE-SUPAERO inaugurated its brand new Learning Center in the presence of the project's actors, donor contributors and staff members. Named \"A\u00e9roth\u00e8que Marie Marvingt\", it pays homage to this exceptional woman, an outstanding sportswoman and aviation pioneer.","robots":{"index":"index","follow":"follow","max-snippet":"max-snippet:-1","max-image-preview":"max-image-preview:large","max-video-preview":"max-video-preview:-1"},"canonical":"https:\/\/fondation-isae-supaero.org\/en\/inauguration-of-the-isae-supaero-aerotheque-two-names-take-place-in-the-building-thanks-to-the-naming\/","og_locale":"en_US","og_type":"article","og_title":"Inauguration of the Marie Marvingt Aeroth\u00e8que at ISAE-SUPAERO","og_description":"On Tuesday, October 4, 2022, ISAE-SUPAERO inaugurated its brand new Learning Center in the presence of the project's actors, donor contributors and staff members. Named \"A\u00e9roth\u00e8que Marie Marvingt\", it pays homage to this exceptional woman, an outstanding sportswoman and aviation pioneer.","og_url":"https:\/\/fondation-isae-supaero.org\/en\/inauguration-of-the-isae-supaero-aerotheque-two-names-take-place-in-the-building-thanks-to-the-naming\/","og_site_name":"Fondation ISAE-SUPAERO","article_published_time":"2022-10-07T11:24:35+00:00","article_modified_time":"2022-10-11T12:43:03+00:00","og_image":[{"width":400,"height":274,"url":"https:\/\/fondation-isae-supaero.org\/wp-content\/uploads\/2022\/10\/VIGNETTES_actualites-1.jpg","type":"image\/jpeg"}],"author":"K\u00e9vin FISAE","twitter_card":"summary_large_image","twitter_misc":{"Written by":"K\u00e9vin FISAE","Est. reading time":"16 minutes"},"schema":{"@context":"https:\/\/schema.org","@graph":[{"@type":"Article","@id":"https:\/\/fondation-isae-supaero.org\/en\/inauguration-of-the-isae-supaero-aerotheque-two-names-take-place-in-the-building-thanks-to-the-naming\/#article","isPartOf":{"@id":"https:\/\/fondation-isae-supaero.org\/en\/inauguration-of-the-isae-supaero-aerotheque-two-names-take-place-in-the-building-thanks-to-the-naming\/"},"author":{"name":"K\u00e9vin FISAE","@id":"https:\/\/fondation-isae-supaero.org\/en\/#\/schema\/person\/659e41a58ae9f2aeeec7f28007a11310"},"headline":"Inauguration of the ISAE-SUPAERO Aeroth\u00e8que, two names take place in the building thanks to the Naming","datePublished":"2022-10-07T11:24:35+00:00","dateModified":"2022-10-11T12:43:03+00:00","mainEntityOfPage":{"@id":"https:\/\/fondation-isae-supaero.org\/en\/inauguration-of-the-isae-supaero-aerotheque-two-names-take-place-in-the-building-thanks-to-the-naming\/"},"wordCount":3119,"commentCount":0,"publisher":{"@id":"https:\/\/fondation-isae-supaero.org\/en\/#organization"},"image":{"@id":"https:\/\/fondation-isae-supaero.org\/en\/inauguration-of-the-isae-supaero-aerotheque-two-names-take-place-in-the-building-thanks-to-the-naming\/#primaryimage"},"thumbnailUrl":"https:\/\/fondation-isae-supaero.org\/wp-content\/uploads\/2022\/10\/VIGNETTES_actualites-1.jpg","articleSection":["Event","News","Our patrons in the spotlight"],"inLanguage":"en-US","potentialAction":[{"@type":"CommentAction","name":"Comment","target":["https:\/\/fondation-isae-supaero.org\/en\/inauguration-of-the-isae-supaero-aerotheque-two-names-take-place-in-the-building-thanks-to-the-naming\/#respond"]}]},{"@type":"WebPage","@id":"https:\/\/fondation-isae-supaero.org\/en\/inauguration-of-the-isae-supaero-aerotheque-two-names-take-place-in-the-building-thanks-to-the-naming\/","url":"https:\/\/fondation-isae-supaero.org\/en\/inauguration-of-the-isae-supaero-aerotheque-two-names-take-place-in-the-building-thanks-to-the-naming\/","name":"Inauguration of the Marie Marvingt Aeroth\u00e8que at ISAE-SUPAERO","isPartOf":{"@id":"https:\/\/fondation-isae-supaero.org\/en\/#website"},"primaryImageOfPage":{"@id":"https:\/\/fondation-isae-supaero.org\/en\/inauguration-of-the-isae-supaero-aerotheque-two-names-take-place-in-the-building-thanks-to-the-naming\/#primaryimage"},"image":{"@id":"https:\/\/fondation-isae-supaero.org\/en\/inauguration-of-the-isae-supaero-aerotheque-two-names-take-place-in-the-building-thanks-to-the-naming\/#primaryimage"},"thumbnailUrl":"https:\/\/fondation-isae-supaero.org\/wp-content\/uploads\/2022\/10\/VIGNETTES_actualites-1.jpg","datePublished":"2022-10-07T11:24:35+00:00","dateModified":"2022-10-11T12:43:03+00:00","description":"On Tuesday, October 4, 2022, ISAE-SUPAERO inaugurated its brand new Learning Center in the presence of the project's actors, donor contributors and staff members. Named \"A\u00e9roth\u00e8que Marie Marvingt\", it pays homage to this exceptional woman, an outstanding sportswoman and aviation pioneer.","breadcrumb":{"@id":"https:\/\/fondation-isae-supaero.org\/en\/inauguration-of-the-isae-supaero-aerotheque-two-names-take-place-in-the-building-thanks-to-the-naming\/#breadcrumb"},"inLanguage":"en-US","potentialAction":[{"@type":"ReadAction","target":["https:\/\/fondation-isae-supaero.org\/en\/inauguration-of-the-isae-supaero-aerotheque-two-names-take-place-in-the-building-thanks-to-the-naming\/"]}]},{"@type":"ImageObject","inLanguage":"en-US","@id":"https:\/\/fondation-isae-supaero.org\/en\/inauguration-of-the-isae-supaero-aerotheque-two-names-take-place-in-the-building-thanks-to-the-naming\/#primaryimage","url":"https:\/\/fondation-isae-supaero.org\/wp-content\/uploads\/2022\/10\/VIGNETTES_actualites-1.jpg","contentUrl":"https:\/\/fondation-isae-supaero.org\/wp-content\/uploads\/2022\/10\/VIGNETTES_actualites-1.jpg","width":400,"height":274},{"@type":"BreadcrumbList","@id":"https:\/\/fondation-isae-supaero.org\/en\/inauguration-of-the-isae-supaero-aerotheque-two-names-take-place-in-the-building-thanks-to-the-naming\/#breadcrumb","itemListElement":[{"@type":"ListItem","position":1,"name":"Accueil","item":"https:\/\/fondation-isae-supaero.org\/en\/"},{"@type":"ListItem","position":2,"name":"Inauguration of the ISAE-SUPAERO Aeroth\u00e8que, two names take place in the building thanks to the Naming"}]},{"@type":"WebSite","@id":"https:\/\/fondation-isae-supaero.org\/en\/#website","url":"https:\/\/fondation-isae-supaero.org\/en\/","name":"Fondation ISAE-SUPAERO","description":"Pour le soutien de la recherche et l&#039;enseignement sup\u00e9rieur \u00e0 l&#039;Institut Sup\u00e9rieur de l&#039;A\u00e9ronautique et de l&#039;Espace","publisher":{"@id":"https:\/\/fondation-isae-supaero.org\/en\/#organization"},"potentialAction":[{"@type":"SearchAction","target":{"@type":"EntryPoint","urlTemplate":"https:\/\/fondation-isae-supaero.org\/en\/?s={search_term_string}"},"query-input":{"@type":"PropertyValueSpecification","valueRequired":true,"valueName":"search_term_string"}}],"inLanguage":"en-US"},{"@type":"Organization","@id":"https:\/\/fondation-isae-supaero.org\/en\/#organization","name":"Fondation ISAE Supaero","url":"https:\/\/fondation-isae-supaero.org\/en\/","logo":{"@type":"ImageObject","inLanguage":"en-US","@id":"https:\/\/fondation-isae-supaero.org\/en\/#\/schema\/logo\/image\/","url":"https:\/\/fondation-isae-supaero.org\/wp-content\/uploads\/2022\/04\/logo-fondation-ras-293px.svg","contentUrl":"https:\/\/fondation-isae-supaero.org\/wp-content\/uploads\/2022\/04\/logo-fondation-ras-293px.svg","width":294,"height":93,"caption":"Fondation ISAE Supaero"},"image":{"@id":"https:\/\/fondation-isae-supaero.org\/en\/#\/schema\/logo\/image\/"}},{"@type":"Person","@id":"https:\/\/fondation-isae-supaero.org\/en\/#\/schema\/person\/659e41a58ae9f2aeeec7f28007a11310","name":"K\u00e9vin FISAE","image":{"@type":"ImageObject","inLanguage":"en-US","@id":"https:\/\/fondation-isae-supaero.org\/en\/#\/schema\/person\/image\/","url":"https:\/\/secure.gravatar.com\/avatar\/e08769f733c2e144f4da78774a89fc331bd8e0a185b7f043e8f300c58328bcf2?s=96&d=mm&r=g","contentUrl":"https:\/\/secure.gravatar.com\/avatar\/e08769f733c2e144f4da78774a89fc331bd8e0a185b7f043e8f300c58328bcf2?s=96&d=mm&r=g","caption":"K\u00e9vin FISAE"},"sameAs":["http:\/\/Supis"]}]}},"_links":{"self":[{"href":"https:\/\/fondation-isae-supaero.org\/en\/wp-json\/wp\/v2\/posts\/8721","targetHints":{"allow":["GET"]}}],"collection":[{"href":"https:\/\/fondation-isae-supaero.org\/en\/wp-json\/wp\/v2\/posts"}],"about":[{"href":"https:\/\/fondation-isae-supaero.org\/en\/wp-json\/wp\/v2\/types\/post"}],"author":[{"embeddable":true,"href":"https:\/\/fondation-isae-supaero.org\/en\/wp-json\/wp\/v2\/users\/3"}],"replies":[{"embeddable":true,"href":"https:\/\/fondation-isae-supaero.org\/en\/wp-json\/wp\/v2\/comments?post=8721"}],"version-history":[{"count":5,"href":"https:\/\/fondation-isae-supaero.org\/en\/wp-json\/wp\/v2\/posts\/8721\/revisions"}],"predecessor-version":[{"id":8737,"href":"https:\/\/fondation-isae-supaero.org\/en\/wp-json\/wp\/v2\/posts\/8721\/revisions\/8737"}],"wp:featuredmedia":[{"embeddable":true,"href":"https:\/\/fondation-isae-supaero.org\/en\/wp-json\/wp\/v2\/media\/8727"}],"wp:attachment":[{"href":"https:\/\/fondation-isae-supaero.org\/en\/wp-json\/wp\/v2\/media?parent=8721"}],"wp:term":[{"taxonomy":"category","embeddable":true,"href":"https:\/\/fondation-isae-supaero.org\/en\/wp-json\/wp\/v2\/categories?post=8721"},{"taxonomy":"post_tag","embeddable":true,"href":"https:\/\/fondation-isae-supaero.org\/en\/wp-json\/wp\/v2\/tags?post=8721"}],"curies":[{"name":"wp","href":"https:\/\/api.w.org\/{rel}","templated":true}]}}