{"id":9734,"date":"2023-03-30T08:53:05","date_gmt":"2023-03-30T08:53:05","guid":{"rendered":"https:\/\/fondation-isae-supaero.org\/a-day-in-the-framework-of-the-space-course-with-ose-isae-supaero\/"},"modified":"2023-12-18T11:34:37","modified_gmt":"2023-12-18T11:34:37","slug":"a-day-in-the-framework-of-the-space-course-with-ose-isae-supaero","status":"publish","type":"post","link":"https:\/\/fondation-isae-supaero.org\/en\/a-day-in-the-framework-of-the-space-course-with-ose-isae-supaero\/","title":{"rendered":"A day in the framework of the Space Course with OSE ISAE-SUPAERO"},"content":{"rendered":"<p>[et_pb_section fb_built=&#8221;1&#8243; custom_padding_last_edited=&#8221;on|phone&#8221; _builder_version=&#8221;4.16&#8243; _module_preset=&#8221;default&#8221; custom_padding=&#8221;6%||6%||true|false&#8221; custom_padding_tablet=&#8221;120px||80px||false|false&#8221; custom_padding_phone=&#8221;120px||50px||false|false&#8221; global_colors_info=&#8221;{}&#8221;][et_pb_row _builder_version=&#8221;4.14.8&#8243; _module_preset=&#8221;default&#8221; global_module=&#8221;2135&#8243; saved_tabs=&#8221;all&#8221; global_colors_info=&#8221;{}&#8221;][et_pb_column type=&#8221;4_4&#8243; _builder_version=&#8221;4.16&#8243; _module_preset=&#8221;default&#8221; global_colors_info=&#8221;{}&#8221;][et_pb_text _builder_version=&#8221;4.16&#8243; _dynamic_attributes=&#8221;link_option_url&#8221; _module_preset=&#8221;default&#8221; text_font=&#8221;|700||on|||||&#8221; text_text_color=&#8221;gcid-cbcef012-862c-4867-889e-8f8aada6e9fa&#8221; text_font_size=&#8221;16px&#8221; custom_margin=&#8221;||21px|||&#8221; link_option_url=&#8221;@ET-DC@eyJkeW5hbWljIjp0cnVlLCJjb250ZW50IjoicG9zdF9saW5rX3VybF9wYWdlIiwic2V0dGluZ3MiOnsicG9zdF9pZCI6IjI5MCJ9fQ==@&#8221; global_colors_info=&#8221;{%22gcid-cbcef012-862c-4867-889e-8f8aada6e9fa%22:%91%22text_text_color%22%93,%22gcid-e7796924-c5e5-4680-bc39-a63ddcdeea33%22:%91%22text_text_color__hover%22%93}&#8221; text_text_color__hover_enabled=&#8221;on|hover&#8221; text_text_color__hover=&#8221;#122372&#8243;]<\/p>\n<p>&lt; back to articles<\/p>\n<p>[\/et_pb_text][et_pb_post_title meta=&#8221;off&#8221; date_format=&#8221;j M Y&#8221; featured_image=&#8221;off&#8221; module_id=&#8221;titre-article&#8221; _builder_version=&#8221;4.16&#8243; _module_preset=&#8221;default&#8221; title_font_size=&#8221;2.8em&#8221; title_line_height=&#8221;0.9em&#8221; meta_font=&#8221;|700|||||||&#8221; meta_text_color=&#8221;gcid-e7796924-c5e5-4680-bc39-a63ddcdeea33&#8243; custom_margin=&#8221;||23px|||&#8221; title_font_size_tablet=&#8221;2.8em&#8221; title_font_size_phone=&#8221;2em&#8221; title_font_size_last_edited=&#8221;on|desktop&#8221; title_line_height_tablet=&#8221;1.1em&#8221; title_line_height_phone=&#8221;1.1em&#8221; title_line_height_last_edited=&#8221;on|tablet&#8221; global_colors_info=&#8221;{%22gcid-e7796924-c5e5-4680-bc39-a63ddcdeea33%22:%91%22meta_text_color%22%93}&#8221;][\/et_pb_post_title][et_pb_text module_class=&#8221;publie&#8221; _builder_version=&#8221;4.16&#8243; _module_preset=&#8221;default&#8221; text_font=&#8221;Tiempos Headline Black|800|||||||&#8221; use_background_color_gradient=&#8221;on&#8221; background_color_gradient_stops=&#8221;#ffffff 53%|gcid-c36b81ad-c14e-402f-b5f5-285214bb9288 53%&#8221; background_color_gradient_start=&#8221;#ffffff&#8221; background_color_gradient_start_position=&#8221;53%&#8221; background_color_gradient_end=&#8221;gcid-c36b81ad-c14e-402f-b5f5-285214bb9288&#8243; background_color_gradient_end_position=&#8221;53%&#8221; module_alignment=&#8221;left&#8221; custom_padding=&#8221;|5px||4px|false|false&#8221; custom_css_main_element=&#8221;display: inline-block;||max-width:max-content;&#8221; global_colors_info=&#8221;{%22gcid-c36b81ad-c14e-402f-b5f5-285214bb9288%22:%91%22colorEnd%22%93}&#8221;]<\/p>\n<p>Published on<\/p>\n<p>[\/et_pb_text][et_pb_post_title title=&#8221;off&#8221; author=&#8221;off&#8221; date_format=&#8221;j M Y&#8221; categories=&#8221;off&#8221; comments=&#8221;off&#8221; featured_image=&#8221;off&#8221; _builder_version=&#8221;4.16&#8243; _module_preset=&#8221;default&#8221; title_font_size=&#8221;2.8em&#8221; title_line_height=&#8221;0.9em&#8221; meta_font=&#8221;Tiempos Headline Black|800|||||||&#8221; meta_text_color=&#8221;gcid-e7796924-c5e5-4680-bc39-a63ddcdeea33&#8243; use_background_color_gradient=&#8221;on&#8221; background_color_gradient_stops=&#8221;#ffffff 53%|gcid-c36b81ad-c14e-402f-b5f5-285214bb9288 53%&#8221; background_color_gradient_start=&#8221;#ffffff&#8221; background_color_gradient_start_position=&#8221;53%&#8221; background_color_gradient_end=&#8221;gcid-c36b81ad-c14e-402f-b5f5-285214bb9288&#8243; background_color_gradient_end_position=&#8221;53%&#8221; custom_padding=&#8221;|5px|||false|false&#8221; title_font_size_tablet=&#8221;2.8em&#8221; title_font_size_phone=&#8221;2em&#8221; title_font_size_last_edited=&#8221;on|desktop&#8221; custom_css_main_element=&#8221;display: inline-block;||max-width:max-content;&#8221; global_colors_info=&#8221;{%22gcid-e7796924-c5e5-4680-bc39-a63ddcdeea33%22:%91%22meta_text_color%22%93,%22gcid-c36b81ad-c14e-402f-b5f5-285214bb9288%22:%91%22colorEnd%22%93}&#8221;][\/et_pb_post_title][\/et_pb_column][\/et_pb_row][et_pb_row column_structure=&#8221;1_2,1_2&#8243; use_custom_gutter=&#8221;on&#8221; gutter_width=&#8221;1&#8243; make_equal=&#8221;on&#8221; _builder_version=&#8221;4.16&#8243; _module_preset=&#8221;default&#8221; custom_css_main_element=&#8221;align-items:center;&#8221; global_colors_info=&#8221;{}&#8221;][et_pb_column type=&#8221;1_2&#8243; _builder_version=&#8221;4.16&#8243; _module_preset=&#8221;default&#8221; custom_padding=&#8221;|8%|||false|false&#8221; custom_padding_tablet=&#8221;|0%|||false|false&#8221; custom_padding_phone=&#8221;|0%|||false|false&#8221; custom_padding_last_edited=&#8221;on|tablet&#8221; global_colors_info=&#8221;{}&#8221;][et_pb_text _builder_version=&#8221;4.19.4&#8243; _module_preset=&#8221;default&#8221; max_width_tablet=&#8221;100%&#8221; max_width_phone=&#8221;100%&#8221; max_width_last_edited=&#8221;on|tablet&#8221; module_alignment=&#8221;left&#8221; custom_margin=&#8221;||32px|||&#8221; global_colors_info=&#8221;{}&#8221;]<\/p>\n<p>This year, the Cord\u00e9e OSE l&#8217;ISAE-SUPAERO is leading a <strong>Space Course<\/strong> for 150 secondary school students to discover this universe. This course takes place in 4 stages and it is on Thursday, March 29 that the 3rd stage &#8220;Get inspired&#8221; is held on the ISAE-SUPAERO campus.<\/p>\n<p>[\/et_pb_text][\/et_pb_column][et_pb_column type=&#8221;1_2&#8243; _builder_version=&#8221;4.16&#8243; _module_preset=&#8221;default&#8221; global_colors_info=&#8221;{}&#8221;][et_pb_image src=&#8221;https:\/\/fondation-isae-supaero.org\/wp-content\/uploads\/2023\/03\/HEADER_pages-600-\u00d7-415-px.jpg&#8221; align=&#8221;right&#8221; force_fullwidth=&#8221;on&#8221; align_tablet=&#8221;left&#8221; align_phone=&#8221;left&#8221; align_last_edited=&#8221;on|tablet&#8221; module_class=&#8221;left-t&#8221; _builder_version=&#8221;4.19.4&#8243; _module_preset=&#8221;default&#8221; background_enable_image=&#8221;off&#8221; background_size=&#8221;initial&#8221; background_position=&#8221;top_left&#8221; z_index=&#8221;0&#8243; custom_margin=&#8221;||||false|false&#8221; custom_margin_tablet=&#8221;20px||||false|false&#8221; custom_margin_phone=&#8221;20px||||false|false&#8221; custom_margin_last_edited=&#8221;on|tablet&#8221; global_colors_info=&#8221;{}&#8221;][\/et_pb_image][\/et_pb_column][\/et_pb_row][\/et_pb_section][et_pb_section fb_built=&#8221;1&#8243; custom_padding_last_edited=&#8221;on|tablet&#8221; _builder_version=&#8221;4.16&#8243; _module_preset=&#8221;default&#8221; background_enable_color=&#8221;on&#8221; background_image=&#8221;http:\/\/fondation-isae-supaero.org\/wp-content\/uploads\/2022\/03\/pointilles.svg&#8221; background_size=&#8221;initial&#8221; background_repeat=&#8221;repeat-y&#8221; custom_padding=&#8221;100px||100px||true|false&#8221; custom_padding_tablet=&#8221;80px||80px||true|false&#8221; custom_padding_phone=&#8221;80px||80px||true|false&#8221; global_colors_info=&#8221;{%22gcid-c36b81ad-c14e-402f-b5f5-285214bb9288%22:%91%22background_color%22%93}&#8221;][et_pb_row _builder_version=&#8221;4.16&#8243; _module_preset=&#8221;default&#8221; global_colors_info=&#8221;{}&#8221;][et_pb_column type=&#8221;4_4&#8243; _builder_version=&#8221;4.16&#8243; _module_preset=&#8221;default&#8221; global_colors_info=&#8221;{}&#8221;][et_pb_text _builder_version=&#8221;4.19.4&#8243; _module_preset=&#8221;a31fb28a-5b8a-4aa6-8c5c-dd6c124d89a6&#8243; custom_margin=&#8221;||29px|||&#8221; global_colors_info=&#8221;{}&#8221;]<\/p>\n<h2>Get inspired around the space domain<\/h2>\n<p>[\/et_pb_text][\/et_pb_column][\/et_pb_row][et_pb_row column_structure=&#8221;1_2,1_2&#8243; _builder_version=&#8221;4.16&#8243; _module_preset=&#8221;default&#8221; global_colors_info=&#8221;{}&#8221;][et_pb_column type=&#8221;1_2&#8243; _builder_version=&#8221;4.16&#8243; _module_preset=&#8221;default&#8221; global_colors_info=&#8221;{}&#8221;][et_pb_text _builder_version=&#8221;4.19.4&#8243; _module_preset=&#8221;default&#8221; global_colors_info=&#8221;{}&#8221;]<\/p>\n<p>During an entire afternoon, high school students from partner schools will have the opportunity to participate in workshops to meet and exchange with professionals, students and doctoral candidates in the space field.<\/p>\n<p>[\/et_pb_text][\/et_pb_column][et_pb_column type=&#8221;1_2&#8243; _builder_version=&#8221;4.16&#8243; _module_preset=&#8221;default&#8221; global_colors_info=&#8221;{}&#8221;][et_pb_text _builder_version=&#8221;4.19.4&#8243; _module_preset=&#8221;default&#8221; global_colors_info=&#8221;{}&#8221;]<\/p>\n<p><strong>Objective of the day<\/strong>: To inspire high school and college students about the professions in the space industry. <br \/>A dozen professionals with different backgrounds were able to talk about their jobs in a speed dating format.<\/p>\n<p>[\/et_pb_text][\/et_pb_column][\/et_pb_row][\/et_pb_section][et_pb_section fb_built=&#8221;1&#8243; custom_padding_last_edited=&#8221;on|desktop&#8221; _builder_version=&#8221;4.16&#8243; _module_preset=&#8221;default&#8221; background_image=&#8221;http:\/\/fondation-isae-supaero.org\/wp-content\/uploads\/2022\/03\/pointilles.svg&#8221; background_size=&#8221;initial&#8221; background_repeat=&#8221;repeat-y&#8221; custom_padding=&#8221;100px||0px||false|false&#8221; custom_padding_tablet=&#8221;80px||30px||false|false&#8221; custom_padding_phone=&#8221;80px||30px||false|false&#8221; global_colors_info=&#8221;{}&#8221;][et_pb_row _builder_version=&#8221;4.16&#8243; _module_preset=&#8221;default&#8221; custom_margin_tablet=&#8221;&#8221; custom_margin_phone=&#8221;||0px||false|false&#8221; custom_margin_last_edited=&#8221;on|phone&#8221; global_colors_info=&#8221;{}&#8221;][et_pb_column type=&#8221;4_4&#8243; _builder_version=&#8221;4.16&#8243; _module_preset=&#8221;default&#8221; global_colors_info=&#8221;{}&#8221;][et_pb_text _builder_version=&#8221;4.19.4&#8243; _module_preset=&#8221;a31fb28a-5b8a-4aa6-8c5c-dd6c124d89a6&#8243; max_width=&#8221;600px&#8221; max_width_tablet=&#8221;100%&#8221; max_width_phone=&#8221;100%&#8221; max_width_last_edited=&#8221;on|tablet&#8221; custom_margin=&#8221;-2px||23px||false|false&#8221; global_colors_info=&#8221;{}&#8221;]<\/p>\n<h2>Course of the day<\/h2>\n<p>[\/et_pb_text][et_pb_text _builder_version=&#8221;4.19.4&#8243; _module_preset=&#8221;default&#8221; hover_enabled=&#8221;0&#8243; global_colors_info=&#8221;{}&#8221; sticky_enabled=&#8221;0&#8243;]<\/p>\n<p>1:00 &#8211; 1:15 pm: Introduction of the afternoon<br \/>1:15 &#8211; 1:40 pm: <span><span class=\"ui-provider gp b c d e f g h i j k l m n o p q r s t u v w x y z ab ac ae af ag ah ai aj ak\" dir=\"ltr\">Presentation of the students&#8217; activities, exchanges on their career and their activities related to Space within the school, meeting with the students of the MARS Club, Astro, Supaero Space Section, Tolosat (with students from INSA and ENSEEIHT as well) and Supaero Drone Section<\/span><\/span><br \/>13h40 &#8211; 14h00 : Presentation of<a href=\"https:\/\/universeh.eu\/\">UNIVERSEH<\/a> and exchanges with <span class=\"S1PPyQ\"><strong>Ada Czesnakowska<\/strong>, R&amp;T\/D<\/span> Space Systems Power and Energy Management Cluster Cordinator (AIRBUS) and <span><span class=\"ui-provider gp b c d e f g h i j k l m n o p q r s t u v w x y z ab ac ae af ag ah ai aj ak\" dir=\"ltr\"><strong>Elizaveta Shashkova<\/strong> &#8211; Deputy Operational Project Manager (Beyond UNIVERSEH)<\/span><\/span><br \/>14h-14h30 : Mini-conference of<strong>In\u00e8s Belgacem<\/strong>, planetary scientist at ESA and sponsor of the OSE program at ISAE-SUPAERO, with a presentation and a question and answer session in the amphitheatre<br \/>2:30 &#8211; 4:00 pm: Speed-meeting workshop, forum format with quick exchanges with professionals &#8211; were present: <strong>Jean Kempf<\/strong> &#8211; <span class=\"S1PPyQ\">Magnetized turbulence and dynamo effect in the intracluster medium (IRAP)<\/span>, <strong>Charles Yana<\/strong> &#8211; <span class=\"S1PPyQ\">SEIS-InSight project manager (CNES)<\/span>, <strong>Loic Octavia<\/strong>, <span class=\"S1PPyQ\">Responsible for the photo activity (CNES)<\/span> C\u00e9cile Idoux, <strong>Thomas Claudet<\/strong> &#8211; <span class=\"S1PPyQ\">Optimal Guidance Navigation &amp; Control for Non-cooperative Flexible Spacecraft Rendezvous (ISAE-SUPAERO)<\/span>, <strong>Hugo BECUWE<\/strong>, Data Scientist (Thales Alenia Space), <strong>Florence Paulet-Tomczak<\/strong>, Engineer for the School (Thales Aliena Space), <strong>Sophie Laurens<\/strong>, Space Weather Engineer (CNES), <strong>Florian Roselli<\/strong> &#8211;  <span class=\"S1PPyQ\">Human Spaceflight Operation Engineer (CNES), <\/span><strong>Ludwika Laurens<\/strong> &#8211; <span class=\"S1PPyQ\">WIRE EDITOR (Derichbourg), <strong>Ada Czesnakowska<\/strong>, R<\/span>&amp;T\/D Space Systems Power and Energy Management Cluster Cordinator (AIRBUS), <strong>Thierry Paronneau<\/strong>, Engineer for the School (Airbus Defense &amp; Space)<\/p>\n<p>[\/et_pb_text][\/et_pb_column][\/et_pb_row][et_pb_row column_structure=&#8221;1_2,1_2&#8243; _builder_version=&#8221;4.19.4&#8243; _module_preset=&#8221;default&#8221; custom_padding=&#8221;100px||0px||false|false&#8221; global_colors_info=&#8221;{}&#8221;][et_pb_column type=&#8221;1_2&#8243; _builder_version=&#8221;4.19.4&#8243; _module_preset=&#8221;default&#8221; global_colors_info=&#8221;{}&#8221;][et_pb_image src=&#8221;https:\/\/fondation-isae-supaero.org\/wp-content\/uploads\/2023\/03\/1_1.jpg&#8221; _builder_version=&#8221;4.19.4&#8243; _module_preset=&#8221;default&#8221; global_colors_info=&#8221;{}&#8221;][\/et_pb_image][\/et_pb_column][et_pb_column type=&#8221;1_2&#8243; _builder_version=&#8221;4.19.4&#8243; _module_preset=&#8221;default&#8221; global_colors_info=&#8221;{}&#8221;][et_pb_image src=&#8221;https:\/\/fondation-isae-supaero.org\/wp-content\/uploads\/2023\/03\/4_1.jpg&#8221; _builder_version=&#8221;4.19.4&#8243; _module_preset=&#8221;default&#8221; global_colors_info=&#8221;{}&#8221;][\/et_pb_image][\/et_pb_column][\/et_pb_row][et_pb_row column_structure=&#8221;1_2,1_2&#8243; _builder_version=&#8221;4.19.4&#8243; _module_preset=&#8221;default&#8221; custom_padding=&#8221;100px||0px||false|false&#8221; global_colors_info=&#8221;{}&#8221;][et_pb_column type=&#8221;1_2&#8243; _builder_version=&#8221;4.19.4&#8243; _module_preset=&#8221;default&#8221; global_colors_info=&#8221;{}&#8221;][et_pb_image src=&#8221;https:\/\/fondation-isae-supaero.org\/wp-content\/uploads\/2023\/03\/3_1.jpg&#8221; title_text=&#8221;3_1&#8243; _builder_version=&#8221;4.19.4&#8243; _module_preset=&#8221;default&#8221; global_colors_info=&#8221;{}&#8221;][\/et_pb_image][\/et_pb_column][et_pb_column type=&#8221;1_2&#8243; _builder_version=&#8221;4.19.4&#8243; _module_preset=&#8221;default&#8221; global_colors_info=&#8221;{}&#8221;][et_pb_image src=&#8221;https:\/\/fondation-isae-supaero.org\/wp-content\/uploads\/2023\/03\/2_1.jpg&#8221; _builder_version=&#8221;4.19.4&#8243; _module_preset=&#8221;default&#8221; global_colors_info=&#8221;{}&#8221;][\/et_pb_image][\/et_pb_column][\/et_pb_row][\/et_pb_section][et_pb_section fb_built=&#8221;1&#8243; custom_padding_last_edited=&#8221;on|desktop&#8221; _builder_version=&#8221;4.16&#8243; _module_preset=&#8221;default&#8221; background_image=&#8221;http:\/\/fondation-isae-supaero.org\/wp-content\/uploads\/2022\/03\/pointilles.svg&#8221; background_size=&#8221;initial&#8221; background_repeat=&#8221;repeat-y&#8221; custom_padding=&#8221;100px||0px||false|false&#8221; custom_padding_tablet=&#8221;80px||30px||false|false&#8221; custom_padding_phone=&#8221;80px||30px||false|false&#8221; global_colors_info=&#8221;{}&#8221;][et_pb_row _builder_version=&#8221;4.16&#8243; _module_preset=&#8221;default&#8221; custom_margin_tablet=&#8221;&#8221; custom_margin_phone=&#8221;||0px||false|false&#8221; custom_margin_last_edited=&#8221;on|phone&#8221; global_colors_info=&#8221;{}&#8221;][et_pb_column type=&#8221;4_4&#8243; _builder_version=&#8221;4.16&#8243; _module_preset=&#8221;default&#8221; global_colors_info=&#8221;{}&#8221;][et_pb_text _builder_version=&#8221;4.19.4&#8243; _module_preset=&#8221;a31fb28a-5b8a-4aa6-8c5c-dd6c124d89a6&#8243; max_width=&#8221;600px&#8221; max_width_tablet=&#8221;100%&#8221; max_width_phone=&#8221;100%&#8221; max_width_last_edited=&#8221;on|tablet&#8221; custom_margin=&#8221;-2px||23px||false|false&#8221; global_colors_info=&#8221;{}&#8221;]<\/p>\n<h2>Focus on the space course<\/h2>\n<p>[\/et_pb_text][et_pb_text _builder_version=&#8221;4.19.4&#8243; _module_preset=&#8221;default&#8221; global_colors_info=&#8221;{}&#8221;]<\/p>\n<p>The Space Course is one of the 3 courses offered by the Cord\u00e9e OSE of ISAE-SUPAERO.<br \/>It takes place in 4 stages: Discovering, Doing &#8211; these two steps are led by Club Mars students in the schools and finally Inspiring, Restoring. The Inspire time corresponds to the half-day of the space professions which was held on March 30.<\/p>\n<p><strong>The objectives of the space course are:<\/strong><\/p>\n<ul>\n<li>To create a privileged link between high school students and students of ISAE-SUPAERO<\/li>\n<li>Develop the capacity for action and mobilization of schools<\/li>\n<li>To discover science in a different way in order to introduce them to scientific careers and to limit their self-censorship in their orientation towards these fields.<\/li>\n<\/ul>\n<p>Among the other courses, the one called<span style=\"text-decoration: underline;\"><a href=\"https:\/\/fondation-isae-supaero.org\/en\/the-womens-campus-course-ose\/\">Women&#8217;s Campus Course<\/a><\/span><\/p>\n<p>[\/et_pb_text][\/et_pb_column][\/et_pb_row][\/et_pb_section][et_pb_section fb_built=&#8221;1&#8243; custom_padding_last_edited=&#8221;on|desktop&#8221; _builder_version=&#8221;4.16&#8243; _module_preset=&#8221;default&#8221; background_image=&#8221;http:\/\/fondation-isae-supaero.org\/wp-content\/uploads\/2022\/03\/pointilles.svg&#8221; background_size=&#8221;initial&#8221; background_repeat=&#8221;repeat-y&#8221; custom_padding=&#8221;100px||0px||false|false&#8221; custom_padding_tablet=&#8221;80px||30px||false|false&#8221; custom_padding_phone=&#8221;80px||30px||false|false&#8221; global_colors_info=&#8221;{}&#8221;][et_pb_row _builder_version=&#8221;4.16&#8243; _module_preset=&#8221;default&#8221; custom_margin_tablet=&#8221;&#8221; custom_margin_phone=&#8221;||0px||false|false&#8221; custom_margin_last_edited=&#8221;on|phone&#8221; global_colors_info=&#8221;{}&#8221;][et_pb_column type=&#8221;4_4&#8243; _builder_version=&#8221;4.16&#8243; _module_preset=&#8221;default&#8221; global_colors_info=&#8221;{}&#8221;][et_pb_text _builder_version=&#8221;4.19.4&#8243; _module_preset=&#8221;default&#8221; global_colors_info=&#8221;{}&#8221;]<\/p>\n<h3>\u27a1\ufe0f <span style=\"color: #00aaff;\"><u>DISCOVER<\/u><\/span><\/h3>\n<p>Between December and January with an awareness intervention (1 to 2 hours)<br \/>General introduction to Space around the history of the conquest of space with an opening on the planet Mars and the missions of Martian simulation of the club M.D.R.S. of the school. This interactive presentation ends with a quiz.<\/p>\n<p>[\/et_pb_text][\/et_pb_column][\/et_pb_row][\/et_pb_section][et_pb_section fb_built=&#8221;1&#8243; custom_padding_last_edited=&#8221;on|desktop&#8221; _builder_version=&#8221;4.16&#8243; _module_preset=&#8221;default&#8221; background_image=&#8221;http:\/\/fondation-isae-supaero.org\/wp-content\/uploads\/2022\/03\/pointilles.svg&#8221; background_size=&#8221;initial&#8221; background_repeat=&#8221;repeat-y&#8221; custom_padding=&#8221;100px||0px||false|false&#8221; custom_padding_tablet=&#8221;80px||30px||false|false&#8221; custom_padding_phone=&#8221;80px||30px||false|false&#8221; global_colors_info=&#8221;{}&#8221;][et_pb_row _builder_version=&#8221;4.16&#8243; _module_preset=&#8221;default&#8221; custom_margin_tablet=&#8221;&#8221; custom_margin_phone=&#8221;||0px||false|false&#8221; custom_margin_last_edited=&#8221;on|phone&#8221; global_colors_info=&#8221;{}&#8221;][et_pb_column type=&#8221;4_4&#8243; _builder_version=&#8221;4.16&#8243; _module_preset=&#8221;default&#8221; global_colors_info=&#8221;{}&#8221;][et_pb_text _builder_version=&#8221;4.19.4&#8243; _module_preset=&#8221;default&#8221; global_colors_info=&#8221;{}&#8221;]<\/p>\n<h3>\u27a1\ufe0f <span style=\"color: #00aaff;\"><u>DO<\/u><\/span><\/h3>\n<p>Between February and May<br \/>Two in-class interventions between 1 and 2 hours among the following<\/p>\n<ul>\n<li>Animation around a vacuum bell: retrospective of the great moments of the conquest of space from a technical point of view, with live illustration of the physical phenomena brought into play by the vacuum of space.<\/li>\n<li>Team role-playing: during a two-hour session, each team will represent a planetary system that must make the right choices to bring life to its surface.<\/li>\n<\/ul>\n<p>[\/et_pb_text][\/et_pb_column][\/et_pb_row][\/et_pb_section][et_pb_section fb_built=&#8221;1&#8243; custom_padding_last_edited=&#8221;on|desktop&#8221; _builder_version=&#8221;4.16&#8243; _module_preset=&#8221;default&#8221; background_image=&#8221;http:\/\/fondation-isae-supaero.org\/wp-content\/uploads\/2022\/03\/pointilles.svg&#8221; background_size=&#8221;initial&#8221; background_repeat=&#8221;repeat-y&#8221; custom_padding=&#8221;100px||0px||false|false&#8221; custom_padding_tablet=&#8221;80px||30px||false|false&#8221; custom_padding_phone=&#8221;80px||30px||false|false&#8221; global_colors_info=&#8221;{}&#8221;][et_pb_row _builder_version=&#8221;4.16&#8243; _module_preset=&#8221;default&#8221; custom_margin_tablet=&#8221;&#8221; custom_margin_phone=&#8221;||0px||false|false&#8221; custom_margin_last_edited=&#8221;on|phone&#8221; global_colors_info=&#8221;{}&#8221;][et_pb_column type=&#8221;4_4&#8243; _builder_version=&#8221;4.16&#8243; _module_preset=&#8221;default&#8221; global_colors_info=&#8221;{}&#8221;][et_pb_text _builder_version=&#8221;4.19.4&#8243; _module_preset=&#8221;default&#8221; global_colors_info=&#8221;{}&#8221;]<\/p>\n<h3>\u27a1\ufe0f <span style=\"color: #00aaff;\"><u>INSPIRED<\/u><\/span><\/h3>\n<p>Thursday, March 30th<br \/>Day of the space professions at ISAE-SUPAERO<br \/>Meeting of professions related to space, exchanges, workshops.<\/p>\n<p>[\/et_pb_text][\/et_pb_column][\/et_pb_row][\/et_pb_section][et_pb_section fb_built=&#8221;1&#8243; custom_padding_last_edited=&#8221;on|desktop&#8221; _builder_version=&#8221;4.16&#8243; _module_preset=&#8221;default&#8221; background_image=&#8221;http:\/\/fondation-isae-supaero.org\/wp-content\/uploads\/2022\/03\/pointilles.svg&#8221; background_size=&#8221;initial&#8221; background_repeat=&#8221;repeat-y&#8221; custom_padding=&#8221;100px||0px||false|false&#8221; custom_padding_tablet=&#8221;80px||30px||false|false&#8221; custom_padding_phone=&#8221;80px||30px||false|false&#8221; global_colors_info=&#8221;{}&#8221;][et_pb_row _builder_version=&#8221;4.16&#8243; _module_preset=&#8221;default&#8221; custom_margin_tablet=&#8221;&#8221; custom_margin_phone=&#8221;||0px||false|false&#8221; custom_margin_last_edited=&#8221;on|phone&#8221; global_colors_info=&#8221;{}&#8221;][et_pb_column type=&#8221;4_4&#8243; _builder_version=&#8221;4.16&#8243; _module_preset=&#8221;default&#8221; global_colors_info=&#8221;{}&#8221;][et_pb_text _builder_version=&#8221;4.19.4&#8243; _module_preset=&#8221;default&#8221; global_colors_info=&#8221;{}&#8221;]<\/p>\n<h3>\u27a1\ufe0f <span style=\"color: #00aaff;\"><u>RESTITUTER<\/u><\/span><\/h3>\n<p>In June<br \/>Restitution event during a half-day at the Cit\u00e9 de l&#8217;Espace<\/p>\n<p>[\/et_pb_text][\/et_pb_column][\/et_pb_row][\/et_pb_section][et_pb_section fb_built=&#8221;1&#8243; custom_padding_last_edited=&#8221;on|desktop&#8221; _builder_version=&#8221;4.16&#8243; _module_preset=&#8221;default&#8221; background_image=&#8221;http:\/\/fondation-isae-supaero.org\/wp-content\/uploads\/2022\/03\/pointilles.svg&#8221; background_size=&#8221;initial&#8221; background_repeat=&#8221;repeat-y&#8221; custom_padding=&#8221;100px||0px||false|false&#8221; custom_padding_tablet=&#8221;80px||30px||false|false&#8221; custom_padding_phone=&#8221;80px||30px||false|false&#8221; global_colors_info=&#8221;{}&#8221;][et_pb_row _builder_version=&#8221;4.16&#8243; _module_preset=&#8221;default&#8221; custom_margin_tablet=&#8221;&#8221; custom_margin_phone=&#8221;||0px||false|false&#8221; custom_margin_last_edited=&#8221;on|phone&#8221; global_colors_info=&#8221;{}&#8221;][et_pb_column type=&#8221;4_4&#8243; _builder_version=&#8221;4.16&#8243; _module_preset=&#8221;default&#8221; global_colors_info=&#8221;{}&#8221;][et_pb_text _builder_version=&#8221;4.16&#8243; _module_preset=&#8221;default&#8221; global_colors_info=&#8221;{}&#8221;]<\/p>\n<h3>Find out very soon the other courses set up by OSE ISAE-SUPAERO!<\/h3>\n<p>[\/et_pb_text][et_pb_text _builder_version=&#8221;4.16&#8243; _module_preset=&#8221;default&#8221; custom_margin=&#8221;80px||||false|false&#8221; global_colors_info=&#8221;{}&#8221;]<\/p>\n<h5 style=\"text-align: center;\">I support the ISAE-SUPAERO OSE Program<\/h5>\n<p>[\/et_pb_text][et_pb_button button_url=&#8221;https:\/\/don.fondation-isae-supaero.org\/fr&#8221; url_new_window=&#8221;on&#8221; button_text=&#8221;make a donation&#8221; button_alignment=&#8221;center&#8221; button_alignment_tablet=&#8221;center&#8221; button_alignment_phone=&#8221;center&#8221; button_alignment_last_edited=&#8221;on|tablet&#8221; _builder_version=&#8221;4.16&#8243; _module_preset=&#8221;24395b89-e215-42c1-83eb-521b2fe8e1c1&#8243; button_text_size=&#8221;24px&#8221; button_border_radius=&#8221;50px&#8221; custom_padding=&#8221;13px|45px|13px|73px|false|false&#8221; global_colors_info=&#8221;{%22gcid-950e6a19-45b6-4be9-bffe-4ec0fa9a99e4%22:%91%22button_text_color%22,%22button_text_color%22,%22button_text_color%22%93,%22gcid-e7796924-c5e5-4680-bc39-a63ddcdeea33%22:%91%22button_bg_color%22%93,%22gcid-dec49c5d-77f7-4b65-985c-e96ffb455891%22:%91%22button_bg_color%22%93}&#8221;][\/et_pb_button][\/et_pb_column][\/et_pb_row][\/et_pb_section]<\/p>\n","protected":false},"excerpt":{"rendered":"<p>This year, the Cord\u00e9e OSE l&#8217;ISAE-SUPAERO is leading a Space course for 150 secondary school students in order to help them discover this world. This course takes place in 4 stages and it is on Thursday, March 29 that the 3rd stage &#8220;Get inspired&#8221; is held on the ISAE-SUPAERO campus.<\/p>\n","protected":false},"author":3,"featured_media":10645,"comment_status":"closed","ping_status":"open","sticky":false,"template":"","format":"standard","meta":{"_acf_changed":false,"_et_pb_use_builder":"on","_et_pb_old_content":"","_et_gb_content_width":"","footnotes":""},"categories":[66,71],"tags":[],"class_list":["post-9734","post","type-post","status-publish","format-standard","has-post-thumbnail","hentry","category-news","category-ose-isae-supaero-en"],"acf":[],"yoast_head":"<!-- This site is optimized with the Yoast SEO plugin v26.6 - https:\/\/yoast.com\/wordpress\/plugins\/seo\/ -->\n<title>Campus au f\u00e9minin<\/title>\n<meta name=\"description\" content=\"This year, the Cord\u00e9e OSE l&#039;ISAE-SUPAERO is leading a Space course for 150 secondary school students in order to help them discover this world. This course takes place in 4 stages and it is on Thursday, March 29 that the 3rd stage &quot;Get inspired&quot; is held on the ISAE-SUPAERO campus.\" \/>\n<meta name=\"robots\" content=\"index, follow, max-snippet:-1, max-image-preview:large, max-video-preview:-1\" \/>\n<link rel=\"canonical\" href=\"https:\/\/fondation-isae-supaero.org\/en\/a-day-in-the-framework-of-the-space-course-with-ose-isae-supaero\/\" \/>\n<meta property=\"og:locale\" content=\"en_US\" \/>\n<meta property=\"og:type\" content=\"article\" \/>\n<meta property=\"og:title\" content=\"Campus au f\u00e9minin\" \/>\n<meta property=\"og:description\" content=\"This year, the Cord\u00e9e OSE l&#039;ISAE-SUPAERO is leading a Space course for 150 secondary school students in order to help them discover this world. This course takes place in 4 stages and it is on Thursday, March 29 that the 3rd stage &quot;Get inspired&quot; is held on the ISAE-SUPAERO campus.\" \/>\n<meta property=\"og:url\" content=\"https:\/\/fondation-isae-supaero.org\/en\/a-day-in-the-framework-of-the-space-course-with-ose-isae-supaero\/\" \/>\n<meta property=\"og:site_name\" content=\"Fondation ISAE-SUPAERO\" \/>\n<meta property=\"article:published_time\" content=\"2023-03-30T08:53:05+00:00\" \/>\n<meta property=\"article:modified_time\" content=\"2023-12-18T11:34:37+00:00\" \/>\n<meta property=\"og:image\" content=\"https:\/\/fondation-isae-supaero.org\/wp-content\/uploads\/2023\/03\/VIGNETTES_actualites-1-1.jpg\" \/>\n\t<meta property=\"og:image:width\" content=\"400\" \/>\n\t<meta property=\"og:image:height\" content=\"274\" \/>\n\t<meta property=\"og:image:type\" content=\"image\/jpeg\" \/>\n<meta name=\"author\" content=\"K\u00e9vin FISAE\" \/>\n<meta name=\"twitter:card\" content=\"summary_large_image\" \/>\n<meta name=\"twitter:label1\" content=\"Written by\" \/>\n\t<meta name=\"twitter:data1\" content=\"K\u00e9vin FISAE\" \/>\n\t<meta name=\"twitter:label2\" content=\"Est. reading time\" \/>\n\t<meta name=\"twitter:data2\" content=\"6 minutes\" \/>\n<script type=\"application\/ld+json\" class=\"yoast-schema-graph\">{\"@context\":\"https:\/\/schema.org\",\"@graph\":[{\"@type\":\"Article\",\"@id\":\"https:\/\/fondation-isae-supaero.org\/en\/a-day-in-the-framework-of-the-space-course-with-ose-isae-supaero\/#article\",\"isPartOf\":{\"@id\":\"https:\/\/fondation-isae-supaero.org\/en\/a-day-in-the-framework-of-the-space-course-with-ose-isae-supaero\/\"},\"author\":{\"name\":\"K\u00e9vin FISAE\",\"@id\":\"https:\/\/fondation-isae-supaero.org\/en\/#\/schema\/person\/659e41a58ae9f2aeeec7f28007a11310\"},\"headline\":\"A day in the framework of the Space Course with OSE ISAE-SUPAERO\",\"datePublished\":\"2023-03-30T08:53:05+00:00\",\"dateModified\":\"2023-12-18T11:34:37+00:00\",\"mainEntityOfPage\":{\"@id\":\"https:\/\/fondation-isae-supaero.org\/en\/a-day-in-the-framework-of-the-space-course-with-ose-isae-supaero\/\"},\"wordCount\":2808,\"publisher\":{\"@id\":\"https:\/\/fondation-isae-supaero.org\/en\/#organization\"},\"image\":{\"@id\":\"https:\/\/fondation-isae-supaero.org\/en\/a-day-in-the-framework-of-the-space-course-with-ose-isae-supaero\/#primaryimage\"},\"thumbnailUrl\":\"https:\/\/fondation-isae-supaero.org\/wp-content\/uploads\/2023\/03\/VIGNETTES_actualites-1-1.jpg\",\"articleSection\":[\"News\",\"OSE ISAE-SUPAERO\"],\"inLanguage\":\"en-US\"},{\"@type\":\"WebPage\",\"@id\":\"https:\/\/fondation-isae-supaero.org\/en\/a-day-in-the-framework-of-the-space-course-with-ose-isae-supaero\/\",\"url\":\"https:\/\/fondation-isae-supaero.org\/en\/a-day-in-the-framework-of-the-space-course-with-ose-isae-supaero\/\",\"name\":\"Campus au f\u00e9minin\",\"isPartOf\":{\"@id\":\"https:\/\/fondation-isae-supaero.org\/en\/#website\"},\"primaryImageOfPage\":{\"@id\":\"https:\/\/fondation-isae-supaero.org\/en\/a-day-in-the-framework-of-the-space-course-with-ose-isae-supaero\/#primaryimage\"},\"image\":{\"@id\":\"https:\/\/fondation-isae-supaero.org\/en\/a-day-in-the-framework-of-the-space-course-with-ose-isae-supaero\/#primaryimage\"},\"thumbnailUrl\":\"https:\/\/fondation-isae-supaero.org\/wp-content\/uploads\/2023\/03\/VIGNETTES_actualites-1-1.jpg\",\"datePublished\":\"2023-03-30T08:53:05+00:00\",\"dateModified\":\"2023-12-18T11:34:37+00:00\",\"description\":\"This year, the Cord\u00e9e OSE l'ISAE-SUPAERO is leading a Space course for 150 secondary school students in order to help them discover this world. This course takes place in 4 stages and it is on Thursday, March 29 that the 3rd stage \\\"Get inspired\\\" is held on the ISAE-SUPAERO campus.\",\"breadcrumb\":{\"@id\":\"https:\/\/fondation-isae-supaero.org\/en\/a-day-in-the-framework-of-the-space-course-with-ose-isae-supaero\/#breadcrumb\"},\"inLanguage\":\"en-US\",\"potentialAction\":[{\"@type\":\"ReadAction\",\"target\":[\"https:\/\/fondation-isae-supaero.org\/en\/a-day-in-the-framework-of-the-space-course-with-ose-isae-supaero\/\"]}]},{\"@type\":\"ImageObject\",\"inLanguage\":\"en-US\",\"@id\":\"https:\/\/fondation-isae-supaero.org\/en\/a-day-in-the-framework-of-the-space-course-with-ose-isae-supaero\/#primaryimage\",\"url\":\"https:\/\/fondation-isae-supaero.org\/wp-content\/uploads\/2023\/03\/VIGNETTES_actualites-1-1.jpg\",\"contentUrl\":\"https:\/\/fondation-isae-supaero.org\/wp-content\/uploads\/2023\/03\/VIGNETTES_actualites-1-1.jpg\",\"width\":400,\"height\":274},{\"@type\":\"BreadcrumbList\",\"@id\":\"https:\/\/fondation-isae-supaero.org\/en\/a-day-in-the-framework-of-the-space-course-with-ose-isae-supaero\/#breadcrumb\",\"itemListElement\":[{\"@type\":\"ListItem\",\"position\":1,\"name\":\"Accueil\",\"item\":\"https:\/\/fondation-isae-supaero.org\/en\/\"},{\"@type\":\"ListItem\",\"position\":2,\"name\":\"A day in the framework of the Space Course with OSE ISAE-SUPAERO\"}]},{\"@type\":\"WebSite\",\"@id\":\"https:\/\/fondation-isae-supaero.org\/en\/#website\",\"url\":\"https:\/\/fondation-isae-supaero.org\/en\/\",\"name\":\"Fondation ISAE-SUPAERO\",\"description\":\"Pour le soutien de la recherche et l&#039;enseignement sup\u00e9rieur \u00e0 l&#039;Institut Sup\u00e9rieur de l&#039;A\u00e9ronautique et de l&#039;Espace\",\"publisher\":{\"@id\":\"https:\/\/fondation-isae-supaero.org\/en\/#organization\"},\"potentialAction\":[{\"@type\":\"SearchAction\",\"target\":{\"@type\":\"EntryPoint\",\"urlTemplate\":\"https:\/\/fondation-isae-supaero.org\/en\/?s={search_term_string}\"},\"query-input\":{\"@type\":\"PropertyValueSpecification\",\"valueRequired\":true,\"valueName\":\"search_term_string\"}}],\"inLanguage\":\"en-US\"},{\"@type\":\"Organization\",\"@id\":\"https:\/\/fondation-isae-supaero.org\/en\/#organization\",\"name\":\"Fondation ISAE Supaero\",\"url\":\"https:\/\/fondation-isae-supaero.org\/en\/\",\"logo\":{\"@type\":\"ImageObject\",\"inLanguage\":\"en-US\",\"@id\":\"https:\/\/fondation-isae-supaero.org\/en\/#\/schema\/logo\/image\/\",\"url\":\"https:\/\/fondation-isae-supaero.org\/wp-content\/uploads\/2022\/04\/logo-fondation-ras-293px.svg\",\"contentUrl\":\"https:\/\/fondation-isae-supaero.org\/wp-content\/uploads\/2022\/04\/logo-fondation-ras-293px.svg\",\"width\":294,\"height\":93,\"caption\":\"Fondation ISAE Supaero\"},\"image\":{\"@id\":\"https:\/\/fondation-isae-supaero.org\/en\/#\/schema\/logo\/image\/\"}},{\"@type\":\"Person\",\"@id\":\"https:\/\/fondation-isae-supaero.org\/en\/#\/schema\/person\/659e41a58ae9f2aeeec7f28007a11310\",\"name\":\"K\u00e9vin FISAE\",\"image\":{\"@type\":\"ImageObject\",\"inLanguage\":\"en-US\",\"@id\":\"https:\/\/fondation-isae-supaero.org\/en\/#\/schema\/person\/image\/\",\"url\":\"https:\/\/secure.gravatar.com\/avatar\/e08769f733c2e144f4da78774a89fc331bd8e0a185b7f043e8f300c58328bcf2?s=96&d=mm&r=g\",\"contentUrl\":\"https:\/\/secure.gravatar.com\/avatar\/e08769f733c2e144f4da78774a89fc331bd8e0a185b7f043e8f300c58328bcf2?s=96&d=mm&r=g\",\"caption\":\"K\u00e9vin FISAE\"},\"sameAs\":[\"http:\/\/Supis\"]}]}<\/script>\n<!-- \/ Yoast SEO plugin. -->","yoast_head_json":{"title":"Campus au f\u00e9minin","description":"This year, the Cord\u00e9e OSE l'ISAE-SUPAERO is leading a Space course for 150 secondary school students in order to help them discover this world. This course takes place in 4 stages and it is on Thursday, March 29 that the 3rd stage \"Get inspired\" is held on the ISAE-SUPAERO campus.","robots":{"index":"index","follow":"follow","max-snippet":"max-snippet:-1","max-image-preview":"max-image-preview:large","max-video-preview":"max-video-preview:-1"},"canonical":"https:\/\/fondation-isae-supaero.org\/en\/a-day-in-the-framework-of-the-space-course-with-ose-isae-supaero\/","og_locale":"en_US","og_type":"article","og_title":"Campus au f\u00e9minin","og_description":"This year, the Cord\u00e9e OSE l'ISAE-SUPAERO is leading a Space course for 150 secondary school students in order to help them discover this world. This course takes place in 4 stages and it is on Thursday, March 29 that the 3rd stage \"Get inspired\" is held on the ISAE-SUPAERO campus.","og_url":"https:\/\/fondation-isae-supaero.org\/en\/a-day-in-the-framework-of-the-space-course-with-ose-isae-supaero\/","og_site_name":"Fondation ISAE-SUPAERO","article_published_time":"2023-03-30T08:53:05+00:00","article_modified_time":"2023-12-18T11:34:37+00:00","og_image":[{"width":400,"height":274,"url":"https:\/\/fondation-isae-supaero.org\/wp-content\/uploads\/2023\/03\/VIGNETTES_actualites-1-1.jpg","type":"image\/jpeg"}],"author":"K\u00e9vin FISAE","twitter_card":"summary_large_image","twitter_misc":{"Written by":"K\u00e9vin FISAE","Est. reading time":"6 minutes"},"schema":{"@context":"https:\/\/schema.org","@graph":[{"@type":"Article","@id":"https:\/\/fondation-isae-supaero.org\/en\/a-day-in-the-framework-of-the-space-course-with-ose-isae-supaero\/#article","isPartOf":{"@id":"https:\/\/fondation-isae-supaero.org\/en\/a-day-in-the-framework-of-the-space-course-with-ose-isae-supaero\/"},"author":{"name":"K\u00e9vin FISAE","@id":"https:\/\/fondation-isae-supaero.org\/en\/#\/schema\/person\/659e41a58ae9f2aeeec7f28007a11310"},"headline":"A day in the framework of the Space Course with OSE ISAE-SUPAERO","datePublished":"2023-03-30T08:53:05+00:00","dateModified":"2023-12-18T11:34:37+00:00","mainEntityOfPage":{"@id":"https:\/\/fondation-isae-supaero.org\/en\/a-day-in-the-framework-of-the-space-course-with-ose-isae-supaero\/"},"wordCount":2808,"publisher":{"@id":"https:\/\/fondation-isae-supaero.org\/en\/#organization"},"image":{"@id":"https:\/\/fondation-isae-supaero.org\/en\/a-day-in-the-framework-of-the-space-course-with-ose-isae-supaero\/#primaryimage"},"thumbnailUrl":"https:\/\/fondation-isae-supaero.org\/wp-content\/uploads\/2023\/03\/VIGNETTES_actualites-1-1.jpg","articleSection":["News","OSE ISAE-SUPAERO"],"inLanguage":"en-US"},{"@type":"WebPage","@id":"https:\/\/fondation-isae-supaero.org\/en\/a-day-in-the-framework-of-the-space-course-with-ose-isae-supaero\/","url":"https:\/\/fondation-isae-supaero.org\/en\/a-day-in-the-framework-of-the-space-course-with-ose-isae-supaero\/","name":"Campus au f\u00e9minin","isPartOf":{"@id":"https:\/\/fondation-isae-supaero.org\/en\/#website"},"primaryImageOfPage":{"@id":"https:\/\/fondation-isae-supaero.org\/en\/a-day-in-the-framework-of-the-space-course-with-ose-isae-supaero\/#primaryimage"},"image":{"@id":"https:\/\/fondation-isae-supaero.org\/en\/a-day-in-the-framework-of-the-space-course-with-ose-isae-supaero\/#primaryimage"},"thumbnailUrl":"https:\/\/fondation-isae-supaero.org\/wp-content\/uploads\/2023\/03\/VIGNETTES_actualites-1-1.jpg","datePublished":"2023-03-30T08:53:05+00:00","dateModified":"2023-12-18T11:34:37+00:00","description":"This year, the Cord\u00e9e OSE l'ISAE-SUPAERO is leading a Space course for 150 secondary school students in order to help them discover this world. This course takes place in 4 stages and it is on Thursday, March 29 that the 3rd stage \"Get inspired\" is held on the ISAE-SUPAERO campus.","breadcrumb":{"@id":"https:\/\/fondation-isae-supaero.org\/en\/a-day-in-the-framework-of-the-space-course-with-ose-isae-supaero\/#breadcrumb"},"inLanguage":"en-US","potentialAction":[{"@type":"ReadAction","target":["https:\/\/fondation-isae-supaero.org\/en\/a-day-in-the-framework-of-the-space-course-with-ose-isae-supaero\/"]}]},{"@type":"ImageObject","inLanguage":"en-US","@id":"https:\/\/fondation-isae-supaero.org\/en\/a-day-in-the-framework-of-the-space-course-with-ose-isae-supaero\/#primaryimage","url":"https:\/\/fondation-isae-supaero.org\/wp-content\/uploads\/2023\/03\/VIGNETTES_actualites-1-1.jpg","contentUrl":"https:\/\/fondation-isae-supaero.org\/wp-content\/uploads\/2023\/03\/VIGNETTES_actualites-1-1.jpg","width":400,"height":274},{"@type":"BreadcrumbList","@id":"https:\/\/fondation-isae-supaero.org\/en\/a-day-in-the-framework-of-the-space-course-with-ose-isae-supaero\/#breadcrumb","itemListElement":[{"@type":"ListItem","position":1,"name":"Accueil","item":"https:\/\/fondation-isae-supaero.org\/en\/"},{"@type":"ListItem","position":2,"name":"A day in the framework of the Space Course with OSE ISAE-SUPAERO"}]},{"@type":"WebSite","@id":"https:\/\/fondation-isae-supaero.org\/en\/#website","url":"https:\/\/fondation-isae-supaero.org\/en\/","name":"Fondation ISAE-SUPAERO","description":"Pour le soutien de la recherche et l&#039;enseignement sup\u00e9rieur \u00e0 l&#039;Institut Sup\u00e9rieur de l&#039;A\u00e9ronautique et de l&#039;Espace","publisher":{"@id":"https:\/\/fondation-isae-supaero.org\/en\/#organization"},"potentialAction":[{"@type":"SearchAction","target":{"@type":"EntryPoint","urlTemplate":"https:\/\/fondation-isae-supaero.org\/en\/?s={search_term_string}"},"query-input":{"@type":"PropertyValueSpecification","valueRequired":true,"valueName":"search_term_string"}}],"inLanguage":"en-US"},{"@type":"Organization","@id":"https:\/\/fondation-isae-supaero.org\/en\/#organization","name":"Fondation ISAE Supaero","url":"https:\/\/fondation-isae-supaero.org\/en\/","logo":{"@type":"ImageObject","inLanguage":"en-US","@id":"https:\/\/fondation-isae-supaero.org\/en\/#\/schema\/logo\/image\/","url":"https:\/\/fondation-isae-supaero.org\/wp-content\/uploads\/2022\/04\/logo-fondation-ras-293px.svg","contentUrl":"https:\/\/fondation-isae-supaero.org\/wp-content\/uploads\/2022\/04\/logo-fondation-ras-293px.svg","width":294,"height":93,"caption":"Fondation ISAE Supaero"},"image":{"@id":"https:\/\/fondation-isae-supaero.org\/en\/#\/schema\/logo\/image\/"}},{"@type":"Person","@id":"https:\/\/fondation-isae-supaero.org\/en\/#\/schema\/person\/659e41a58ae9f2aeeec7f28007a11310","name":"K\u00e9vin FISAE","image":{"@type":"ImageObject","inLanguage":"en-US","@id":"https:\/\/fondation-isae-supaero.org\/en\/#\/schema\/person\/image\/","url":"https:\/\/secure.gravatar.com\/avatar\/e08769f733c2e144f4da78774a89fc331bd8e0a185b7f043e8f300c58328bcf2?s=96&d=mm&r=g","contentUrl":"https:\/\/secure.gravatar.com\/avatar\/e08769f733c2e144f4da78774a89fc331bd8e0a185b7f043e8f300c58328bcf2?s=96&d=mm&r=g","caption":"K\u00e9vin FISAE"},"sameAs":["http:\/\/Supis"]}]}},"_links":{"self":[{"href":"https:\/\/fondation-isae-supaero.org\/en\/wp-json\/wp\/v2\/posts\/9734","targetHints":{"allow":["GET"]}}],"collection":[{"href":"https:\/\/fondation-isae-supaero.org\/en\/wp-json\/wp\/v2\/posts"}],"about":[{"href":"https:\/\/fondation-isae-supaero.org\/en\/wp-json\/wp\/v2\/types\/post"}],"author":[{"embeddable":true,"href":"https:\/\/fondation-isae-supaero.org\/en\/wp-json\/wp\/v2\/users\/3"}],"replies":[{"embeddable":true,"href":"https:\/\/fondation-isae-supaero.org\/en\/wp-json\/wp\/v2\/comments?post=9734"}],"version-history":[{"count":4,"href":"https:\/\/fondation-isae-supaero.org\/en\/wp-json\/wp\/v2\/posts\/9734\/revisions"}],"predecessor-version":[{"id":10647,"href":"https:\/\/fondation-isae-supaero.org\/en\/wp-json\/wp\/v2\/posts\/9734\/revisions\/10647"}],"wp:featuredmedia":[{"embeddable":true,"href":"https:\/\/fondation-isae-supaero.org\/en\/wp-json\/wp\/v2\/media\/10645"}],"wp:attachment":[{"href":"https:\/\/fondation-isae-supaero.org\/en\/wp-json\/wp\/v2\/media?parent=9734"}],"wp:term":[{"taxonomy":"category","embeddable":true,"href":"https:\/\/fondation-isae-supaero.org\/en\/wp-json\/wp\/v2\/categories?post=9734"},{"taxonomy":"post_tag","embeddable":true,"href":"https:\/\/fondation-isae-supaero.org\/en\/wp-json\/wp\/v2\/tags?post=9734"}],"curies":[{"name":"wp","href":"https:\/\/api.w.org\/{rel}","templated":true}]}}